{"id":86,"date":"2018-09-02T23:00:01","date_gmt":"2018-09-02T23:00:01","guid":{"rendered":"http:\/\/surlesmers.fr\/wordpress\/?p=86"},"modified":"2019-12-04T12:29:05","modified_gmt":"2019-12-04T12:29:05","slug":"premiere-sortie-en-mer","status":"publish","type":"post","link":"http:\/\/surlesmers.fr\/wordpress\/2018\/09\/02\/premiere-sortie-en-mer\/","title":{"rendered":"Premi\u00e8re sortie en mer"},"content":{"rendered":"\n<p>Pour notre premi\u00e8re sortie en mer \u00e0 bord de Coromandel, nous attendons que nos amis Sophie et Yoann puissent nous rejoindre, \u00e0 quatre on est plus \u00e0 l&rsquo;aise pour les man\u0153uvres !<\/p>\n\n\n\n<p>Le port de Binic est un port \u00e0 flot qui n&rsquo;ouvre sa porte qu&rsquo;autour de la pleine mer, et seulement quand la mar\u00e9e est suffisante. Ce samedi 1er septembre nous pouvons donc sortir en fin de matin\u00e9e et hisser les voiles pour profiter d&rsquo;une petite brise qui nous emm\u00e8ne tout droit vers le Phare du Grand L\u00e9jon situ\u00e9 en plein milieu de la baie de Saint-Brieuc. Une fois sur place nous stoppons le bateau le temps du d\u00e9jeuner, et comme le port de Binic n&rsquo;ouvre pas avant 22h nous mettons le cap sur Saint-Quay-Portrieux, accessible 24h\/24.<\/p>\n\n\n\n<p>A peine amarr\u00e9s au port de Saint-Quay, nous discutons avec un plaisancier qui nous demande si nous avons vu le fant\u00f4me du phare&#8230; Car si nous ne l&rsquo;avons pas vu, il l&rsquo;a quant \u00e0 lui vu par deux fois, accoud\u00e9 \u00e0 l&rsquo;une des fen\u00eatres, c\u00f4t\u00e9 sud-est ! On se dit qu&rsquo;il aurait fallu peut-\u00eatre regarder un peu mieux \ud83d\ude42<\/p>\n\n\n\n<p>Le soir on se r\u00e9gale d&rsquo;un poulet aux herbes de Provence, au four, accompagn\u00e9 d&rsquo;un risotto. Et le lendemain matin au r\u00e9veil nous avons la surprise de voir un dr\u00f4le d&rsquo;agent de nettoyage sur le cockpit du bateau. Apr\u00e8s le petit-d\u00e9jeuner pas tr\u00e8s matinal nous repartons bien vite vers Binic pour ne pas rater l&rsquo;ouverture du port !<\/p>\n\n\n\n<figure class=\"wp-block-image size-large\"><img loading=\"lazy\" decoding=\"async\" width=\"1024\" height=\"545\" src=\"http:\/\/surlesmers.fr\/wordpress\/wp-content\/uploads\/2018\/09\/P1010293-e1575462392938-1024x545.jpg\" alt=\"\" class=\"wp-image-74\" srcset=\"http:\/\/surlesmers.fr\/wordpress\/wp-content\/uploads\/2018\/09\/P1010293-e1575462392938-1024x545.jpg 1024w, http:\/\/surlesmers.fr\/wordpress\/wp-content\/uploads\/2018\/09\/P1010293-e1575462392938-300x160.jpg 300w, http:\/\/surlesmers.fr\/wordpress\/wp-content\/uploads\/2018\/09\/P1010293-e1575462392938-768x409.jpg 768w, http:\/\/surlesmers.fr\/wordpress\/wp-content\/uploads\/2018\/09\/P1010293-e1575462392938-1536x818.jpg 1536w, http:\/\/surlesmers.fr\/wordpress\/wp-content\/uploads\/2018\/09\/P1010293-e1575462392938-2048x1090.jpg 2048w\" sizes=\"(max-width: 1024px) 100vw, 1024px\" \/><\/figure>\n","protected":false},"excerpt":{"rendered":"<p>Pour notre premi\u00e8re sortie en mer \u00e0 bord de Coromandel, nous attendons que nos amis Sophie et Yoann puissent nous<\/p>\n","protected":false},"author":3,"featured_media":75,"comment_status":"open","ping_status":"open","sticky":false,"template":"","format":"standard","meta":{"footnotes":""},"categories":[1],"tags":[],"_links":{"self":[{"href":"http:\/\/surlesmers.fr\/wordpress\/wp-json\/wp\/v2\/posts\/86"}],"collection":[{"href":"http:\/\/surlesmers.fr\/wordpress\/wp-json\/wp\/v2\/posts"}],"about":[{"href":"http:\/\/surlesmers.fr\/wordpress\/wp-json\/wp\/v2\/types\/post"}],"author":[{"embeddable":true,"href":"http:\/\/surlesmers.fr\/wordpress\/wp-json\/wp\/v2\/users\/3"}],"replies":[{"embeddable":true,"href":"http:\/\/surlesmers.fr\/wordpress\/wp-json\/wp\/v2\/comments?post=86"}],"version-history":[{"count":7,"href":"http:\/\/surlesmers.fr\/wordpress\/wp-json\/wp\/v2\/posts\/86\/revisions"}],"predecessor-version":[{"id":1440,"href":"http:\/\/surlesmers.fr\/wordpress\/wp-json\/wp\/v2\/posts\/86\/revisions\/1440"}],"wp:featuredmedia":[{"embeddable":true,"href":"http:\/\/surlesmers.fr\/wordpress\/wp-json\/wp\/v2\/media\/75"}],"wp:attachment":[{"href":"http:\/\/surlesmers.fr\/wordpress\/wp-json\/wp\/v2\/media?parent=86"}],"wp:term":[{"taxonomy":"category","embeddable":true,"href":"http:\/\/surlesmers.fr\/wordpress\/wp-json\/wp\/v2\/categories?post=86"},{"taxonomy":"post_tag","embeddable":true,"href":"http:\/\/surlesmers.fr\/wordpress\/wp-json\/wp\/v2\/tags?post=86"}],"curies":[{"name":"wp","href":"https:\/\/api.w.org\/{rel}","templated":true}]}}