{"id":789,"date":"2019-05-26T22:00:37","date_gmt":"2019-05-26T22:00:37","guid":{"rendered":"http:\/\/surlesmers.fr\/wordpress\/?p=789"},"modified":"2019-12-01T10:40:11","modified_gmt":"2019-12-01T10:40:11","slug":"lautre-cap-vert","status":"publish","type":"post","link":"http:\/\/surlesmers.fr\/wordpress\/2019\/05\/26\/lautre-cap-vert\/","title":{"rendered":"L&rsquo;autre cap vert"},"content":{"rendered":"\n<p>Pour notre derni\u00e8re \u00e9tape en Corse nous naviguons sans grand-voile, car le vit-de-mulet est cass\u00e9, lim\u00e9 par une mauvaise vis. Apr\u00e8s une courte escale \u00e0 Saint-Florent, un peu trop chic, Coromandel repart par un bon vent qui sous g\u00e9nois seul suffit \u00e0 faire avancer le bateau \u00e0 plus de 5 n\u0153uds. Malheureusement ce plaisir est de courte dur\u00e9e et il faut nous r\u00e9soudre \u00e0 utiliser le moteur pour remonter la c\u00f4te jusqu&rsquo;\u00e0 Barcaggio tout au nord. Le long d&rsquo;une route qui surplombe la mer on voit passer l&rsquo;un apr\u00e8s l&rsquo;autre les villages du cap : Nonza, Ogliastro&#8230; Canari est particuli\u00e8rement remarquable avec sa carri\u00e8re et son usine d\u00e9saffect\u00e9e qui jusqu&rsquo;en 65 produisait pas loin de 30000 tonnes d&rsquo;amiante par an. Le moins qu&rsquo;on puisse dire c&rsquo;est que le paysage est marqu\u00e9.<\/p>\n\n\n\n<figure class=\"wp-block-image\"><img loading=\"lazy\" decoding=\"async\" width=\"1024\" height=\"768\" src=\"http:\/\/surlesmers.fr\/wordpress\/wp-content\/uploads\/2019\/06\/P5250004-1024x768.jpg\" alt=\"\" class=\"wp-image-714\" srcset=\"http:\/\/surlesmers.fr\/wordpress\/wp-content\/uploads\/2019\/06\/P5250004-1024x768.jpg 1024w, http:\/\/surlesmers.fr\/wordpress\/wp-content\/uploads\/2019\/06\/P5250004-300x225.jpg 300w, http:\/\/surlesmers.fr\/wordpress\/wp-content\/uploads\/2019\/06\/P5250004-768x576.jpg 768w, http:\/\/surlesmers.fr\/wordpress\/wp-content\/uploads\/2019\/06\/P5250004-600x450.jpg 600w\" sizes=\"(max-width: 1024px) 100vw, 1024px\" \/><\/figure>\n\n\n\n<p>En fin de journ\u00e9e nous mouillons face \u00e0 l&rsquo;\u00eele de la Giraglia. Le cadre est sauvage \u00e0 souhait et en dehors des quelques maisons de Barcaggio l&rsquo;endroit est surtout peupl\u00e9 de moutons. Pendant la nuit la lumi\u00e8re du phare de l&rsquo;\u00eele balaie les falaises sur la c\u00f4te, on dirait une sorte de feu-follet rapide comme un oiseau nocturne&#8230;<\/p>\n\n\n\n<p>La Cap Corse est avant tout un cap vert. On s&rsquo;en rend compte le jour suivant, m\u00eame si le temps est gris les rochers de schiste, ligneux comme des troncs d&rsquo;arbre, ont cette couleur qui rappelle la patine des vieilles casseroles en cuivre, le bien nomm\u00e9 vert-de-gris.<\/p>\n\n\n\n<figure class=\"wp-block-image\"><img loading=\"lazy\" decoding=\"async\" width=\"1024\" height=\"336\" src=\"http:\/\/surlesmers.fr\/wordpress\/wp-content\/uploads\/2019\/06\/P5250021-e1561874820325-1024x336.jpg\" alt=\"\" class=\"wp-image-715\" srcset=\"http:\/\/surlesmers.fr\/wordpress\/wp-content\/uploads\/2019\/06\/P5250021-e1561874820325-1024x336.jpg 1024w, http:\/\/surlesmers.fr\/wordpress\/wp-content\/uploads\/2019\/06\/P5250021-e1561874820325-300x98.jpg 300w, http:\/\/surlesmers.fr\/wordpress\/wp-content\/uploads\/2019\/06\/P5250021-e1561874820325-768x252.jpg 768w\" sizes=\"(max-width: 1024px) 100vw, 1024px\" \/><\/figure>\n\n\n\n<figure class=\"wp-block-image\"><img loading=\"lazy\" decoding=\"async\" width=\"1024\" height=\"456\" src=\"http:\/\/surlesmers.fr\/wordpress\/wp-content\/uploads\/2019\/06\/P5260026-e1561876453419-1024x456.jpg\" alt=\"\" class=\"wp-image-716\" srcset=\"http:\/\/surlesmers.fr\/wordpress\/wp-content\/uploads\/2019\/06\/P5260026-e1561876453419-1024x456.jpg 1024w, http:\/\/surlesmers.fr\/wordpress\/wp-content\/uploads\/2019\/06\/P5260026-e1561876453419-300x133.jpg 300w, http:\/\/surlesmers.fr\/wordpress\/wp-content\/uploads\/2019\/06\/P5260026-e1561876453419-768x342.jpg 768w\" sizes=\"(max-width: 1024px) 100vw, 1024px\" \/><\/figure>\n","protected":false},"excerpt":{"rendered":"<p>Pour notre derni\u00e8re \u00e9tape en Corse nous naviguons sans grand-voile, car le vit-de-mulet est cass\u00e9, lim\u00e9 par une mauvaise vis.<\/p>\n","protected":false},"author":3,"featured_media":717,"comment_status":"open","ping_status":"open","sticky":false,"template":"","format":"standard","meta":{"footnotes":""},"categories":[1],"tags":[],"_links":{"self":[{"href":"http:\/\/surlesmers.fr\/wordpress\/wp-json\/wp\/v2\/posts\/789"}],"collection":[{"href":"http:\/\/surlesmers.fr\/wordpress\/wp-json\/wp\/v2\/posts"}],"about":[{"href":"http:\/\/surlesmers.fr\/wordpress\/wp-json\/wp\/v2\/types\/post"}],"author":[{"embeddable":true,"href":"http:\/\/surlesmers.fr\/wordpress\/wp-json\/wp\/v2\/users\/3"}],"replies":[{"embeddable":true,"href":"http:\/\/surlesmers.fr\/wordpress\/wp-json\/wp\/v2\/comments?post=789"}],"version-history":[{"count":8,"href":"http:\/\/surlesmers.fr\/wordpress\/wp-json\/wp\/v2\/posts\/789\/revisions"}],"predecessor-version":[{"id":1307,"href":"http:\/\/surlesmers.fr\/wordpress\/wp-json\/wp\/v2\/posts\/789\/revisions\/1307"}],"wp:featuredmedia":[{"embeddable":true,"href":"http:\/\/surlesmers.fr\/wordpress\/wp-json\/wp\/v2\/media\/717"}],"wp:attachment":[{"href":"http:\/\/surlesmers.fr\/wordpress\/wp-json\/wp\/v2\/media?parent=789"}],"wp:term":[{"taxonomy":"category","embeddable":true,"href":"http:\/\/surlesmers.fr\/wordpress\/wp-json\/wp\/v2\/categories?post=789"},{"taxonomy":"post_tag","embeddable":true,"href":"http:\/\/surlesmers.fr\/wordpress\/wp-json\/wp\/v2\/tags?post=789"}],"curies":[{"name":"wp","href":"https:\/\/api.w.org\/{rel}","templated":true}]}}