{"id":77,"date":"2018-08-30T23:00:57","date_gmt":"2018-08-30T23:00:57","guid":{"rendered":"http:\/\/surlesmers.fr\/wordpress\/?p=77"},"modified":"2019-12-04T15:26:37","modified_gmt":"2019-12-04T15:26:37","slug":"b-comme-bateau-binic-et-bretagne","status":"publish","type":"post","link":"http:\/\/surlesmers.fr\/wordpress\/2018\/08\/30\/b-comme-bateau-binic-et-bretagne\/","title":{"rendered":"B comme Bateau, Binic et Bretagne"},"content":{"rendered":"\n<p class=\"has-normal-font-size\">Apr\u00e8s les stages de voile du printemps, un juillet pass\u00e9 \u00e0 d\u00e9m\u00e9nager, la vente de l&rsquo;appartement, et quantit\u00e9 de pr\u00e9paratifs plus ou moins chiants, il est d\u00e9j\u00e0 fin ao\u00fbt quand nous quittons enfin les montagnes, car notre futur bateau nous attend \u00e0 <strong>Binic<\/strong>&#8230; en Bretagne !<\/p>\n\n\n\n<p class=\"has-normal-font-size\">Il faut d&rsquo;abord aller en voiture jusqu&rsquo;\u00e0 Lyon&nbsp;\u2014 merci Margot ! \u2014 et c&rsquo;est \u00e0 peine si nos \u00e9normes sacs tiennent dans la 206 ! Puis m\u00e9tro avec tout notre barda, un peu moins de 4 heures de TGV jusqu&rsquo;\u00e0 Rennes et nous voici en Bretagne \ud83d\ude42 Sur la route de Binic nous nous arr\u00eatons chez nos amis Yoann et Sophie pour passer la nuit, merci \u00e0 eux !<\/p>\n\n\n\n<p class=\"has-normal-font-size\">Enfin le jour se l\u00e8ve sur ce jeudi 30 ao\u00fbt, nous filons vers le port de Saint-Quay-Portrieux o\u00f9 rendez-vous est pris \u00e0 9h30 sous la grue de levage avec le concessionnaire, le propri\u00e9taire et l&rsquo;expert qui doit inspecter les \u0153uvres vives du bateau. Quand on arrive il fait d\u00e9j\u00e0 son travail, le bateau est dans les sangles, sorti de l&rsquo;eau, et c&rsquo;est la premi\u00e8re fois que nous le voyons.<\/p>\n\n\n\n<p class=\"has-normal-font-size\">Il s&rsquo;appelle <strong>Coromandel<\/strong>, et c&rsquo;est notre maison flottante pour plus d&rsquo;un an !<\/p>\n\n\n\n<p class=\"has-normal-font-size\">Une fois l&rsquo;inspection termin\u00e9e nous repartons \u00e0 bord avec le propri\u00e9taire pour une courte navigation jusqu&rsquo;au port de Binic o\u00f9 il a sa place. Lui et sa femme passent plusieurs heures, pendant et apr\u00e8s le trajet, \u00e0 nous expliquer le fonctionnement, les astuces de rangement, le gr\u00e9ement des voiles, l&rsquo;entretien du moteur, etc. Ils sont heureux d&rsquo;apprendre que le bateau va naviguer sur les mers du sud pendant plus d&rsquo;un an, et nous proposent \u00e9galement de nous laisser leur place de port pour la quinzaine de jours que nous comptons passer \u00e0 pr\u00e9parer la navire avant notre d\u00e9part pour le Portugal. Un grand, tr\u00e8s grand merci \u00e0 eux pour leur aide ! Apr\u00e8s cette matin\u00e9e bien remplie \u2014 il est d\u00e9j\u00e0 presque 14h ! \u2014 nous les invitons \u00e0 manger, galette et cidre, et quand vient pour eux l&rsquo;heure de repartir je sens bien que ce n&rsquo;est pas facile de laisser Coromandel derri\u00e8re eux.<\/p>\n\n\n\n<p class=\"has-normal-font-size\">Nous sommes le jeudi 30 ao\u00fbt 2018, nous voici sur notre Bateau, \u00e0 Binic, en Bretagne et dans quinze jours nous partons pour le <strong>Portugal <\/strong>! D&rsquo;ici l\u00e0 beaucoup, beaucoup de choses \u00e0 faire pour pr\u00e9parer le navire \u00e0 une longue navigation&#8230;<\/p>\n\n\n\n<figure class=\"wp-block-image size-large\"><img loading=\"lazy\" decoding=\"async\" width=\"1024\" height=\"670\" src=\"http:\/\/surlesmers.fr\/wordpress\/wp-content\/uploads\/2019\/12\/P9130353A-1024x670.jpg\" alt=\"\" class=\"wp-image-1442\" srcset=\"http:\/\/surlesmers.fr\/wordpress\/wp-content\/uploads\/2019\/12\/P9130353A-1024x670.jpg 1024w, http:\/\/surlesmers.fr\/wordpress\/wp-content\/uploads\/2019\/12\/P9130353A-300x196.jpg 300w, http:\/\/surlesmers.fr\/wordpress\/wp-content\/uploads\/2019\/12\/P9130353A-768x503.jpg 768w, http:\/\/surlesmers.fr\/wordpress\/wp-content\/uploads\/2019\/12\/P9130353A-1536x1005.jpg 1536w, http:\/\/surlesmers.fr\/wordpress\/wp-content\/uploads\/2019\/12\/P9130353A-2048x1340.jpg 2048w\" sizes=\"(max-width: 1024px) 100vw, 1024px\" \/><\/figure>\n","protected":false},"excerpt":{"rendered":"<p>Apr\u00e8s les stages de voile du printemps, un juillet pass\u00e9 \u00e0 d\u00e9m\u00e9nager, la vente de l&rsquo;appartement, et quantit\u00e9 de pr\u00e9paratifs<\/p>\n","protected":false},"author":3,"featured_media":73,"comment_status":"open","ping_status":"open","sticky":false,"template":"","format":"standard","meta":{"footnotes":""},"categories":[1],"tags":[],"_links":{"self":[{"href":"http:\/\/surlesmers.fr\/wordpress\/wp-json\/wp\/v2\/posts\/77"}],"collection":[{"href":"http:\/\/surlesmers.fr\/wordpress\/wp-json\/wp\/v2\/posts"}],"about":[{"href":"http:\/\/surlesmers.fr\/wordpress\/wp-json\/wp\/v2\/types\/post"}],"author":[{"embeddable":true,"href":"http:\/\/surlesmers.fr\/wordpress\/wp-json\/wp\/v2\/users\/3"}],"replies":[{"embeddable":true,"href":"http:\/\/surlesmers.fr\/wordpress\/wp-json\/wp\/v2\/comments?post=77"}],"version-history":[{"count":11,"href":"http:\/\/surlesmers.fr\/wordpress\/wp-json\/wp\/v2\/posts\/77\/revisions"}],"predecessor-version":[{"id":1446,"href":"http:\/\/surlesmers.fr\/wordpress\/wp-json\/wp\/v2\/posts\/77\/revisions\/1446"}],"wp:featuredmedia":[{"embeddable":true,"href":"http:\/\/surlesmers.fr\/wordpress\/wp-json\/wp\/v2\/media\/73"}],"wp:attachment":[{"href":"http:\/\/surlesmers.fr\/wordpress\/wp-json\/wp\/v2\/media?parent=77"}],"wp:term":[{"taxonomy":"category","embeddable":true,"href":"http:\/\/surlesmers.fr\/wordpress\/wp-json\/wp\/v2\/categories?post=77"},{"taxonomy":"post_tag","embeddable":true,"href":"http:\/\/surlesmers.fr\/wordpress\/wp-json\/wp\/v2\/tags?post=77"}],"curies":[{"name":"wp","href":"https:\/\/api.w.org\/{rel}","templated":true}]}}