{"id":764,"date":"2019-05-21T22:00:41","date_gmt":"2019-05-21T22:00:41","guid":{"rendered":"http:\/\/surlesmers.fr\/wordpress\/?p=764"},"modified":"2019-12-01T10:44:08","modified_gmt":"2019-12-01T10:44:08","slug":"refuge-pour-pirate","status":"publish","type":"post","link":"http:\/\/surlesmers.fr\/wordpress\/2019\/05\/21\/refuge-pour-pirate\/","title":{"rendered":"Refuge pi\u00e9geux pour pirate"},"content":{"rendered":"\n<p>Le petit port de Carg\u00e8se offre une escale bien sympathique au pied d&rsquo;un village dont les deux \u00e9glises, catholique et orthodoxe, se font face \u00e0 face de part et d&rsquo;autre d&rsquo;un petit vallon escarp\u00e9 mang\u00e9 par les buissons. On y monte par un raidillon bord\u00e9 de figuiers de barbarie et de lauriers en fleurs, jusqu&rsquo;\u00e0 des ruelles avec des escaliers de pierre et des terrasses ouvertes sur la mer. Ici on s&rsquo;amarre \u00e9trave-\u00e0-quai car le bord de la digue n&rsquo;est pas franc. Clairement endommag\u00e9e, celle-ci montre de grandes fissures t\u00e9moignant de la violence de la temp\u00eate Adrian qui a ravag\u00e9 les c\u00f4tes corses en octobre 2018.<\/p>\n\n\n\n<p>Apr\u00e8s 2 nuits \u00e0 quai Coromandel reprend sa route vers le nord et notre prochaine escale, immanquable, est le port naturel de Girolata. Le lieu, bien que tr\u00e8s touristique l&rsquo;\u00e9t\u00e9, est encore assez tranquille \u00e0 cette saison. Entre deux amarrages le gars qui g\u00e8re le port a le temps de se poser sur une chaise avec sa guitare.<\/p>\n\n\n\n<figure class=\"wp-block-image\"><img loading=\"lazy\" decoding=\"async\" width=\"1024\" height=\"212\" src=\"http:\/\/surlesmers.fr\/wordpress\/wp-content\/uploads\/2019\/06\/P5210031-P5210034-1024x212.jpg\" alt=\"\" class=\"wp-image-699\" srcset=\"http:\/\/surlesmers.fr\/wordpress\/wp-content\/uploads\/2019\/06\/P5210031-P5210034-1024x212.jpg 1024w, http:\/\/surlesmers.fr\/wordpress\/wp-content\/uploads\/2019\/06\/P5210031-P5210034-300x62.jpg 300w, http:\/\/surlesmers.fr\/wordpress\/wp-content\/uploads\/2019\/06\/P5210031-P5210034-768x159.jpg 768w\" sizes=\"(max-width: 1024px) 100vw, 1024px\" \/><\/figure>\n\n\n\n<p>C&rsquo;est dans cet endroit paisible que le pirate barbaresque Dragut, successeur du c\u00e9l\u00e8bre Barberousse, est captur\u00e9 le 15 juin 1540, pris par surprise alors qu&rsquo;il est occup\u00e9 au partage de son dernier pillage ! Mais sa carri\u00e8re ne s&rsquo;arr\u00eatera pas l\u00e0 car apr\u00e8s 4 ans de captivit\u00e9 les turcs parviendront lors du si\u00e8ge de G\u00eanes \u00e0 n\u00e9gocier sa lib\u00e9ration et le terrible Dragut reprendra alors du service, plus farouche que jamais&#8230;<\/p>\n\n\n\n<p>Pendant la nuit un fort vent du sud descend des montagnes jusqu&rsquo;\u00e0 notre mouillage, chahutant le bateau qui tire sur le coffre auquel il est amarr\u00e9. Le lendemain ce vent souffle encore et nous repartons avec ris et trinquette pour sortir du golfe et longer la r\u00e9serve de Scandola. Avec ce temps, impossible de se rapprocher des grottes pour y admirer les poissons, on se contente de photographier les falaises color\u00e9es, restes d&rsquo;un ancien volcan effondr\u00e9 en mer.<\/p>\n\n\n\n<figure class=\"wp-block-image\"><img loading=\"lazy\" decoding=\"async\" width=\"1024\" height=\"565\" src=\"http:\/\/surlesmers.fr\/wordpress\/wp-content\/uploads\/2019\/06\/P5210037-1024x565.jpg\" alt=\"\" class=\"wp-image-700\" srcset=\"http:\/\/surlesmers.fr\/wordpress\/wp-content\/uploads\/2019\/06\/P5210037-1024x565.jpg 1024w, http:\/\/surlesmers.fr\/wordpress\/wp-content\/uploads\/2019\/06\/P5210037-300x165.jpg 300w, http:\/\/surlesmers.fr\/wordpress\/wp-content\/uploads\/2019\/06\/P5210037-768x423.jpg 768w\" sizes=\"(max-width: 1024px) 100vw, 1024px\" \/><\/figure>\n\n\n\n<p>Par vent arri\u00e8re nous devons tirer des bords pendant de longues heures pour remonter la c\u00f4te avant de pouvoir d\u00e9passer la pointe de la Revellata et mettre le cap sur la citadelle de Calvi. Au passage de la pointe le vent forcit et Pierre se r\u00e9gale \u00e0 la barre en menant le bateau \u00e0 plus de 8 n\u0153uds sur les vagues !<\/p>\n\n\n\n<figure class=\"wp-block-image\"><img loading=\"lazy\" decoding=\"async\" width=\"1024\" height=\"330\" src=\"http:\/\/surlesmers.fr\/wordpress\/wp-content\/uploads\/2019\/06\/P5210043-1024x330.jpg\" alt=\"\" class=\"wp-image-701\" srcset=\"http:\/\/surlesmers.fr\/wordpress\/wp-content\/uploads\/2019\/06\/P5210043-1024x330.jpg 1024w, http:\/\/surlesmers.fr\/wordpress\/wp-content\/uploads\/2019\/06\/P5210043-300x97.jpg 300w, http:\/\/surlesmers.fr\/wordpress\/wp-content\/uploads\/2019\/06\/P5210043-768x247.jpg 768w\" sizes=\"(max-width: 1024px) 100vw, 1024px\" \/><\/figure>\n","protected":false},"excerpt":{"rendered":"<p>Le petit port de Carg\u00e8se offre une escale bien sympathique au pied d&rsquo;un village dont les deux \u00e9glises, catholique et<\/p>\n","protected":false},"author":3,"featured_media":697,"comment_status":"open","ping_status":"open","sticky":false,"template":"","format":"standard","meta":{"footnotes":""},"categories":[1],"tags":[],"_links":{"self":[{"href":"http:\/\/surlesmers.fr\/wordpress\/wp-json\/wp\/v2\/posts\/764"}],"collection":[{"href":"http:\/\/surlesmers.fr\/wordpress\/wp-json\/wp\/v2\/posts"}],"about":[{"href":"http:\/\/surlesmers.fr\/wordpress\/wp-json\/wp\/v2\/types\/post"}],"author":[{"embeddable":true,"href":"http:\/\/surlesmers.fr\/wordpress\/wp-json\/wp\/v2\/users\/3"}],"replies":[{"embeddable":true,"href":"http:\/\/surlesmers.fr\/wordpress\/wp-json\/wp\/v2\/comments?post=764"}],"version-history":[{"count":13,"href":"http:\/\/surlesmers.fr\/wordpress\/wp-json\/wp\/v2\/posts\/764\/revisions"}],"predecessor-version":[{"id":1309,"href":"http:\/\/surlesmers.fr\/wordpress\/wp-json\/wp\/v2\/posts\/764\/revisions\/1309"}],"wp:featuredmedia":[{"embeddable":true,"href":"http:\/\/surlesmers.fr\/wordpress\/wp-json\/wp\/v2\/media\/697"}],"wp:attachment":[{"href":"http:\/\/surlesmers.fr\/wordpress\/wp-json\/wp\/v2\/media?parent=764"}],"wp:term":[{"taxonomy":"category","embeddable":true,"href":"http:\/\/surlesmers.fr\/wordpress\/wp-json\/wp\/v2\/categories?post=764"},{"taxonomy":"post_tag","embeddable":true,"href":"http:\/\/surlesmers.fr\/wordpress\/wp-json\/wp\/v2\/tags?post=764"}],"curies":[{"name":"wp","href":"https:\/\/api.w.org\/{rel}","templated":true}]}}