{"id":688,"date":"2019-05-12T22:00:05","date_gmt":"2019-05-12T22:00:05","guid":{"rendered":"http:\/\/surlesmers.fr\/wordpress\/?p=688"},"modified":"2019-12-01T10:55:45","modified_gmt":"2019-12-01T10:55:45","slug":"bouches-et-b52","status":"publish","type":"post","link":"http:\/\/surlesmers.fr\/wordpress\/2019\/05\/12\/bouches-et-b52\/","title":{"rendered":"Bouches et B52"},"content":{"rendered":"\n<p>Quand on arrive \u00e0 <strong>Bonifacio <\/strong>par la mer en venant de l&rsquo;est, le paysage des bouches s&rsquo;ouvre sur le Cap Pertusato dont l&rsquo;extr\u00e9mit\u00e9 ressemble \u00e0 un grand sphinx veillant sur l&rsquo;antique passage entre Sardaigne et Corse. Dans la s\u00e9rie de bords que nous tirons en direction de la citadelle, le bateau se retrouve aux pieds de l&rsquo;animal l\u00e9gendaire et je m&rsquo;attend \u00e0 ce qu&rsquo;il nous pose une \u00e9nigme \u00e0 laquelle il faudrait r\u00e9pondre pour \u00eatre autoris\u00e9s \u00e0 passer.<\/p>\n\n\n\n<figure class=\"wp-block-image\"><img loading=\"lazy\" decoding=\"async\" width=\"1024\" height=\"268\" src=\"http:\/\/surlesmers.fr\/wordpress\/wp-content\/uploads\/2019\/05\/P5100098-1024x268.jpg\" alt=\"\" class=\"wp-image-606\" srcset=\"http:\/\/surlesmers.fr\/wordpress\/wp-content\/uploads\/2019\/05\/P5100098-1024x268.jpg 1024w, http:\/\/surlesmers.fr\/wordpress\/wp-content\/uploads\/2019\/05\/P5100098-300x79.jpg 300w, http:\/\/surlesmers.fr\/wordpress\/wp-content\/uploads\/2019\/05\/P5100098-768x201.jpg 768w\" sizes=\"(max-width: 1024px) 100vw, 1024px\" \/><\/figure>\n\n\n\n<p>Nos bords nous m\u00e8nent ensuite sous les maisons de Bonifacio qui surplombent la mer, et \u00e0 les voir d&rsquo;en-bas on se dit qu&rsquo;il en faut du temp\u00e9rament pour habiter l\u00e0-dedans, tant elles semblent pr\u00eates \u00e0 sombrer dans le vide au dessus duquel elles sont b\u00e2ties. Pendant qu&rsquo;on affale la grand-voile l&rsquo;un des cordages qui retient notre lazy bag rompt, le temps de saucissonner la voile autour de la b\u00f4me et Coromandel se rapproche dangereusement des rochers&#8230; In extremis le bateau vire pour se diriger vers l&rsquo;entr\u00e9e du port, un bras de mer qui s&rsquo;infiltre \u00e0 l&rsquo;int\u00e9rieur des falaises jusqu&rsquo;aux quais situ\u00e9s au c\u0153ur de la ville.<\/p>\n\n\n\n<figure class=\"wp-block-image\"><img loading=\"lazy\" decoding=\"async\" width=\"1024\" height=\"768\" src=\"http:\/\/surlesmers.fr\/wordpress\/wp-content\/uploads\/2019\/05\/P5100104-1024x768.jpg\" alt=\"\" class=\"wp-image-607\" srcset=\"http:\/\/surlesmers.fr\/wordpress\/wp-content\/uploads\/2019\/05\/P5100104-1024x768.jpg 1024w, http:\/\/surlesmers.fr\/wordpress\/wp-content\/uploads\/2019\/05\/P5100104-300x225.jpg 300w, http:\/\/surlesmers.fr\/wordpress\/wp-content\/uploads\/2019\/05\/P5100104-768x576.jpg 768w, http:\/\/surlesmers.fr\/wordpress\/wp-content\/uploads\/2019\/05\/P5100104-600x450.jpg 600w\" sizes=\"(max-width: 1024px) 100vw, 1024px\" \/><\/figure>\n\n\n\n<p>Nous sommes samedi et sur notre ponton les bateaux des Gl\u00e9nans viennent s&rsquo;amarrer l&rsquo;un apr\u00e8s l&rsquo;autre au retour de leur semaine de stage. L&rsquo;occasion de retrouver de vieilles connaissances et d&rsquo;en faire de nouvelles ! Notre premi\u00e8re nuit au port n&rsquo;est pas des plus reposantes : Sur le quai une discoth\u00e8que balance sa musique \u00e0 plein volume toutes portes ouvertes jusqu&rsquo;\u00e0 deux heures du matin&#8230; Heureusement la fatigue d&rsquo;une journ\u00e9e de marin bien remplie finit tout de m\u00eame par l&#8217;emporter sur le vacarme ambiant. Pour la nuit suivante nous allons nous amarrer de l&rsquo;autre c\u00f4t\u00e9 du port \u00e0 c\u00f4t\u00e9 d&rsquo;un petit chantier, une place inconfortable, mal abrit\u00e9e du vent, mais nettement moins bruyante ! Et qui nous offre en prime une jolie vue nocturne sur la citadelle, comme on peut le voir sur la photo en t\u00eate de cet article.<\/p>\n\n\n\n<p>Le dimanche nous repartons sous un ciel rempli de lourds nuages entre lesquels le soleil parvient de temps \u00e0 autres \u00e0 \u00e9clairer la grande barre de falaises \u00e0 l&rsquo;ouest de Bonifacio, un chouette spectacle que l&rsquo;on prend le temps d&rsquo;admirer pendant que le bateau poursuit vers le nord sa route le long des c\u00f4tes corses.<\/p>\n\n\n\n<figure class=\"wp-block-image\"><img loading=\"lazy\" decoding=\"async\" width=\"1024\" height=\"347\" src=\"http:\/\/surlesmers.fr\/wordpress\/wp-content\/uploads\/2019\/05\/P5120117-1024x347.jpg\" alt=\"\" class=\"wp-image-609\" srcset=\"http:\/\/surlesmers.fr\/wordpress\/wp-content\/uploads\/2019\/05\/P5120117-1024x347.jpg 1024w, http:\/\/surlesmers.fr\/wordpress\/wp-content\/uploads\/2019\/05\/P5120117-300x102.jpg 300w, http:\/\/surlesmers.fr\/wordpress\/wp-content\/uploads\/2019\/05\/P5120117-768x260.jpg 768w\" sizes=\"(max-width: 1024px) 100vw, 1024px\" \/><\/figure>\n","protected":false},"excerpt":{"rendered":"<p>Quand on arrive \u00e0 Bonifacio par la mer en venant de l&rsquo;est, le paysage des bouches s&rsquo;ouvre sur le Cap<\/p>\n","protected":false},"author":3,"featured_media":608,"comment_status":"open","ping_status":"open","sticky":false,"template":"","format":"standard","meta":{"footnotes":""},"categories":[1],"tags":[],"_links":{"self":[{"href":"http:\/\/surlesmers.fr\/wordpress\/wp-json\/wp\/v2\/posts\/688"}],"collection":[{"href":"http:\/\/surlesmers.fr\/wordpress\/wp-json\/wp\/v2\/posts"}],"about":[{"href":"http:\/\/surlesmers.fr\/wordpress\/wp-json\/wp\/v2\/types\/post"}],"author":[{"embeddable":true,"href":"http:\/\/surlesmers.fr\/wordpress\/wp-json\/wp\/v2\/users\/3"}],"replies":[{"embeddable":true,"href":"http:\/\/surlesmers.fr\/wordpress\/wp-json\/wp\/v2\/comments?post=688"}],"version-history":[{"count":8,"href":"http:\/\/surlesmers.fr\/wordpress\/wp-json\/wp\/v2\/posts\/688\/revisions"}],"predecessor-version":[{"id":1312,"href":"http:\/\/surlesmers.fr\/wordpress\/wp-json\/wp\/v2\/posts\/688\/revisions\/1312"}],"wp:featuredmedia":[{"embeddable":true,"href":"http:\/\/surlesmers.fr\/wordpress\/wp-json\/wp\/v2\/media\/608"}],"wp:attachment":[{"href":"http:\/\/surlesmers.fr\/wordpress\/wp-json\/wp\/v2\/media?parent=688"}],"wp:term":[{"taxonomy":"category","embeddable":true,"href":"http:\/\/surlesmers.fr\/wordpress\/wp-json\/wp\/v2\/categories?post=688"},{"taxonomy":"post_tag","embeddable":true,"href":"http:\/\/surlesmers.fr\/wordpress\/wp-json\/wp\/v2\/tags?post=688"}],"curies":[{"name":"wp","href":"https:\/\/api.w.org\/{rel}","templated":true}]}}