{"id":658,"date":"2019-04-26T22:00:51","date_gmt":"2019-04-26T22:00:51","guid":{"rendered":"http:\/\/surlesmers.fr\/wordpress\/?p=658"},"modified":"2019-12-01T11:17:31","modified_gmt":"2019-12-01T11:17:31","slug":"cap-sur-la-sardaigne","status":"publish","type":"post","link":"http:\/\/surlesmers.fr\/wordpress\/2019\/04\/26\/cap-sur-la-sardaigne\/","title":{"rendered":"Cap sur la Sardaigne !"},"content":{"rendered":"\n<p>Apr\u00e8s une nuit au port de Ciutadella nous remontons la c\u00f4te vers le nord pour notre dernier mouillage aux Bal\u00e9ares. Nous aurions bien pass\u00e9 un peu plus de temps sur Minorque, rocheuse et sauvage, pour observer les oiseaux ou percer le secret de ces \u00e9tranges tumulus de pierre visibles depuis la mer&#8230; Mais la m\u00e9t\u00e9o nous incite \u00e0 partir vers la Sardaigne sans plus attendre !<\/p>\n\n\n\n<div class='mgl-masonry-container'><style>\t.mgl-masonry {\t\tdisplay: none;\t}\t#mgl-gallery-69f5a10843fb5 {\t\tcolumn-count: 2;\t\tmargin: -5px;\t}\t#mgl-gallery-69f5a10843fb5 .mgl-item {\t\tpadding: 5px;\t}\t#mgl-gallery-69f5a10843fb5 figcaption {\t\tpadding: 5px;\t}\t@media screen and (max-width: 800px) {\t\t#mgl-gallery-69f5a10843fb5 {\t\t\tcolumn-count: 2;\t\t}\t}\t@media screen and (max-width: 600px) {\t\t#mgl-gallery-69f5a10843fb5 {\t\t\tcolumn-count: 1;\t\t}\t}<\/style><div id='mgl-gallery-69f5a10843fb5' class='mgl-gallery mgl-masonry' style=''><figure class=\"mgl-item\">\r\n\t<div class=\"mgl-icon\">\r\n\t\t<div class=\"mgl-img-container\">\r\n\t\t\t\t\t\t\t<img loading=\"lazy\" decoding=\"async\" width=\"910\" height=\"683\" src=\"http:\/\/surlesmers.fr\/wordpress\/wp-content\/uploads\/2019\/05\/P4240005-1024x768.jpg\" class=\"wp-image-579\" alt=\"\" srcset=\"http:\/\/surlesmers.fr\/wordpress\/wp-content\/uploads\/2019\/05\/P4240005-1024x768.jpg 1024w, http:\/\/surlesmers.fr\/wordpress\/wp-content\/uploads\/2019\/05\/P4240005-300x225.jpg 300w, http:\/\/surlesmers.fr\/wordpress\/wp-content\/uploads\/2019\/05\/P4240005-768x576.jpg 768w, http:\/\/surlesmers.fr\/wordpress\/wp-content\/uploads\/2019\/05\/P4240005-600x450.jpg 600w\" sizes=\"50vw\" \/>\t\t\t\t\t<\/div>\r\n\t<\/div>\r\n\t<\/figure>\r\n<figure class=\"mgl-item\">\r\n\t<div class=\"mgl-icon\">\r\n\t\t<div class=\"mgl-img-container\">\r\n\t\t\t\t\t\t\t<img loading=\"lazy\" decoding=\"async\" width=\"910\" height=\"683\" src=\"http:\/\/surlesmers.fr\/wordpress\/wp-content\/uploads\/2019\/05\/P4240038-1024x768.jpg\" class=\"wp-image-582\" alt=\"\" srcset=\"http:\/\/surlesmers.fr\/wordpress\/wp-content\/uploads\/2019\/05\/P4240038-1024x768.jpg 1024w, http:\/\/surlesmers.fr\/wordpress\/wp-content\/uploads\/2019\/05\/P4240038-300x225.jpg 300w, http:\/\/surlesmers.fr\/wordpress\/wp-content\/uploads\/2019\/05\/P4240038-768x576.jpg 768w, http:\/\/surlesmers.fr\/wordpress\/wp-content\/uploads\/2019\/05\/P4240038-600x450.jpg 600w\" sizes=\"50vw\" \/>\t\t\t\t\t<\/div>\r\n\t<\/div>\r\n\t<\/figure>\r\n<\/div><\/div>\n\n\n\n<div style=\"height:20px\" aria-hidden=\"true\" class=\"wp-block-spacer\"><\/div>\n\n\n\n<figure class=\"wp-block-image\"><img loading=\"lazy\" decoding=\"async\" width=\"1024\" height=\"248\" src=\"http:\/\/surlesmers.fr\/wordpress\/wp-content\/uploads\/2019\/05\/P4240031-1024x248.jpg\" alt=\"\" class=\"wp-image-581\" srcset=\"http:\/\/surlesmers.fr\/wordpress\/wp-content\/uploads\/2019\/05\/P4240031-1024x248.jpg 1024w, http:\/\/surlesmers.fr\/wordpress\/wp-content\/uploads\/2019\/05\/P4240031-300x73.jpg 300w, http:\/\/surlesmers.fr\/wordpress\/wp-content\/uploads\/2019\/05\/P4240031-768x186.jpg 768w\" sizes=\"(max-width: 1024px) 100vw, 1024px\" \/><\/figure>\n\n\n\n<p>Nous profitons d&rsquo;un excellent vent du sud qui ne nous quitte pas de toute la travers\u00e9e et nous emm\u00e8ne au travers sur une mer plut\u00f4t belle jusqu&rsquo;aux c\u00f4tes sardes, une aubaine ! Partis de notre mouillage \u00e0 la Cala Pudent le jeudi matin \u00e0 8h nous arrivons au port d&rsquo;Alghero le lendemain pour midi&#8230; Soit une vitesse moyenne fort appr\u00e9ciable de 8 n\u0153uds, avec en prime du soleil et des dauphins le matin de notre arriv\u00e9e \ud83d\ude42<\/p>\n\n\n\n<p>Nous sommes en Italie ! Ce vendredi soir quand les lumi\u00e8res descendent sur la ville il ferait bon aller profiter de l&rsquo;ambiance chaleureuse des ruelles dans la cit\u00e9&#8230; Mais l&rsquo;\u00e9quipage est quand m\u00eame fatigu\u00e9, on se contente d&rsquo;un bon repas sur le bateau et on ne tarde pas \u00e0 aller se coucher !<\/p>\n\n\n\n<figure class=\"wp-block-image\"><img loading=\"lazy\" decoding=\"async\" width=\"1024\" height=\"409\" src=\"http:\/\/surlesmers.fr\/wordpress\/wp-content\/uploads\/2019\/05\/P4260061-1024x409.jpg\" alt=\"\" class=\"wp-image-584\" srcset=\"http:\/\/surlesmers.fr\/wordpress\/wp-content\/uploads\/2019\/05\/P4260061-1024x409.jpg 1024w, http:\/\/surlesmers.fr\/wordpress\/wp-content\/uploads\/2019\/05\/P4260061-300x120.jpg 300w, http:\/\/surlesmers.fr\/wordpress\/wp-content\/uploads\/2019\/05\/P4260061-768x307.jpg 768w\" sizes=\"(max-width: 1024px) 100vw, 1024px\" \/><\/figure>\n","protected":false},"excerpt":{"rendered":"<p>Apr\u00e8s une nuit au port de Ciutadella nous remontons la c\u00f4te vers le nord pour notre dernier mouillage aux Bal\u00e9ares.<\/p>\n","protected":false},"author":3,"featured_media":583,"comment_status":"open","ping_status":"open","sticky":false,"template":"","format":"standard","meta":{"footnotes":""},"categories":[1],"tags":[],"_links":{"self":[{"href":"http:\/\/surlesmers.fr\/wordpress\/wp-json\/wp\/v2\/posts\/658"}],"collection":[{"href":"http:\/\/surlesmers.fr\/wordpress\/wp-json\/wp\/v2\/posts"}],"about":[{"href":"http:\/\/surlesmers.fr\/wordpress\/wp-json\/wp\/v2\/types\/post"}],"author":[{"embeddable":true,"href":"http:\/\/surlesmers.fr\/wordpress\/wp-json\/wp\/v2\/users\/3"}],"replies":[{"embeddable":true,"href":"http:\/\/surlesmers.fr\/wordpress\/wp-json\/wp\/v2\/comments?post=658"}],"version-history":[{"count":6,"href":"http:\/\/surlesmers.fr\/wordpress\/wp-json\/wp\/v2\/posts\/658\/revisions"}],"predecessor-version":[{"id":1323,"href":"http:\/\/surlesmers.fr\/wordpress\/wp-json\/wp\/v2\/posts\/658\/revisions\/1323"}],"wp:featuredmedia":[{"embeddable":true,"href":"http:\/\/surlesmers.fr\/wordpress\/wp-json\/wp\/v2\/media\/583"}],"wp:attachment":[{"href":"http:\/\/surlesmers.fr\/wordpress\/wp-json\/wp\/v2\/media?parent=658"}],"wp:term":[{"taxonomy":"category","embeddable":true,"href":"http:\/\/surlesmers.fr\/wordpress\/wp-json\/wp\/v2\/categories?post=658"},{"taxonomy":"post_tag","embeddable":true,"href":"http:\/\/surlesmers.fr\/wordpress\/wp-json\/wp\/v2\/tags?post=658"}],"curies":[{"name":"wp","href":"https:\/\/api.w.org\/{rel}","templated":true}]}}