{"id":650,"date":"2019-04-17T22:00:19","date_gmt":"2019-04-17T22:00:19","guid":{"rendered":"http:\/\/surlesmers.fr\/wordpress\/?p=650"},"modified":"2019-12-03T06:51:04","modified_gmt":"2019-12-03T06:51:04","slug":"baleares-on-repart","status":"publish","type":"post","link":"http:\/\/surlesmers.fr\/wordpress\/2019\/04\/17\/baleares-on-repart\/","title":{"rendered":"Bal\u00e9ares, on repart !"},"content":{"rendered":"\n<p>Apr\u00e8s quelques jours au port d&rsquo;Andratx le bateau reprend sa route vers le nord des Bal\u00e9ares en longeant la c\u00f4te ouest de Majorque. Le vent nous pousse juste devant l&rsquo;\u00eele de la Dragonera avant de faiblir progressivement au point que nous devons continuer au moteur dans une houle assez forte&#8230; Pas tr\u00e8s reposant pour l&rsquo;\u00e9quipage. Heureusement nous arrivons assez vite \u00e0 Soller, petit port naturel fort bien abrit\u00e9. Nous restons le temps de visiter les environs, de profiter de la plage et de tester tous les parfums de la glacerie locale dont la renomm\u00e9e n&rsquo;est plus \u00e0 faire. Un vrai d\u00e9lice, on confirme, qui \u00e0 lui seul vaut le d\u00e9tour. Autre plaisir pour la bouche : les oranges ! Charnues, parfum\u00e9es et juteuses \u00e0 souhait, nous sommes en pleine r\u00e9colte et le kilo se vend \u00e0 60 centimes&#8230; On en mange \u00e0 tous les repas \ud83d\ude42<\/p>\n\n\n\n<div class='mgl-masonry-container'><style>\t.mgl-masonry {\t\tdisplay: none;\t}\t#mgl-gallery-69f48990a0010 {\t\tcolumn-count: 2;\t\tmargin: -5px;\t}\t#mgl-gallery-69f48990a0010 .mgl-item {\t\tpadding: 5px;\t}\t#mgl-gallery-69f48990a0010 figcaption {\t\tpadding: 5px;\t}\t@media screen and (max-width: 800px) {\t\t#mgl-gallery-69f48990a0010 {\t\t\tcolumn-count: 2;\t\t}\t}\t@media screen and (max-width: 600px) {\t\t#mgl-gallery-69f48990a0010 {\t\t\tcolumn-count: 1;\t\t}\t}<\/style><div id='mgl-gallery-69f48990a0010' class='mgl-gallery mgl-masonry' style=''><figure class=\"mgl-item\">\r\n\t<div class=\"mgl-icon\">\r\n\t\t<div class=\"mgl-img-container\">\r\n\t\t\t\t\t\t\t<img loading=\"lazy\" decoding=\"async\" width=\"910\" height=\"683\" src=\"http:\/\/surlesmers.fr\/wordpress\/wp-content\/uploads\/2019\/05\/P4110001-1024x768.jpg\" class=\"wp-image-573\" alt=\"\" srcset=\"http:\/\/surlesmers.fr\/wordpress\/wp-content\/uploads\/2019\/05\/P4110001-1024x768.jpg 1024w, http:\/\/surlesmers.fr\/wordpress\/wp-content\/uploads\/2019\/05\/P4110001-300x225.jpg 300w, http:\/\/surlesmers.fr\/wordpress\/wp-content\/uploads\/2019\/05\/P4110001-768x576.jpg 768w, http:\/\/surlesmers.fr\/wordpress\/wp-content\/uploads\/2019\/05\/P4110001-600x450.jpg 600w\" sizes=\"50vw\" \/>\t\t\t\t\t<\/div>\r\n\t<\/div>\r\n\t\t<figcaption class=\"mgl-caption\">\r\n\t\t\t<p>La Isla Dragonera<\/p>\r\n\t<\/figcaption>\r\n\t<\/figure>\r\n<figure class=\"mgl-item\">\r\n\t<div class=\"mgl-icon\">\r\n\t\t<div class=\"mgl-img-container\">\r\n\t\t\t\t\t\t\t<img loading=\"lazy\" decoding=\"async\" width=\"910\" height=\"683\" src=\"http:\/\/surlesmers.fr\/wordpress\/wp-content\/uploads\/2019\/05\/P4110009-1024x768.jpg\" class=\"wp-image-576\" alt=\"\" srcset=\"http:\/\/surlesmers.fr\/wordpress\/wp-content\/uploads\/2019\/05\/P4110009-1024x768.jpg 1024w, http:\/\/surlesmers.fr\/wordpress\/wp-content\/uploads\/2019\/05\/P4110009-300x225.jpg 300w, http:\/\/surlesmers.fr\/wordpress\/wp-content\/uploads\/2019\/05\/P4110009-768x576.jpg 768w, http:\/\/surlesmers.fr\/wordpress\/wp-content\/uploads\/2019\/05\/P4110009-600x450.jpg 600w\" sizes=\"50vw\" \/>\t\t\t\t\t<\/div>\r\n\t<\/div>\r\n\t\t<figcaption class=\"mgl-caption\">\r\n\t\t\t<p>La c\u00f4te \u00e0 l&#039;approche de Soller<\/p>\r\n\t<\/figcaption>\r\n\t<\/figure>\r\n<\/div><\/div>\n\n\n\n<div class='mgl-masonry-container'><style>\t.mgl-masonry {\t\tdisplay: none;\t}\t#mgl-gallery-69f48990a20e2 {\t\tcolumn-count: 2;\t\tmargin: -5px;\t}\t#mgl-gallery-69f48990a20e2 .mgl-item {\t\tpadding: 5px;\t}\t#mgl-gallery-69f48990a20e2 figcaption {\t\tpadding: 5px;\t}\t@media screen and (max-width: 800px) {\t\t#mgl-gallery-69f48990a20e2 {\t\t\tcolumn-count: 2;\t\t}\t}\t@media screen and (max-width: 600px) {\t\t#mgl-gallery-69f48990a20e2 {\t\t\tcolumn-count: 1;\t\t}\t}<\/style><div id='mgl-gallery-69f48990a20e2' class='mgl-gallery mgl-masonry' style=''><figure class=\"mgl-item\">\r\n\t<div class=\"mgl-icon\">\r\n\t\t<div class=\"mgl-img-container\">\r\n\t\t\t\t\t\t\t<img loading=\"lazy\" decoding=\"async\" width=\"910\" height=\"683\" src=\"http:\/\/surlesmers.fr\/wordpress\/wp-content\/uploads\/2019\/12\/P4130039-1024x768.jpg\" class=\"wp-image-1334\" alt=\"\" srcset=\"http:\/\/surlesmers.fr\/wordpress\/wp-content\/uploads\/2019\/12\/P4130039-1024x768.jpg 1024w, http:\/\/surlesmers.fr\/wordpress\/wp-content\/uploads\/2019\/12\/P4130039-300x225.jpg 300w, http:\/\/surlesmers.fr\/wordpress\/wp-content\/uploads\/2019\/12\/P4130039-768x576.jpg 768w, http:\/\/surlesmers.fr\/wordpress\/wp-content\/uploads\/2019\/12\/P4130039-1536x1152.jpg 1536w, http:\/\/surlesmers.fr\/wordpress\/wp-content\/uploads\/2019\/12\/P4130039-2048x1536.jpg 2048w, http:\/\/surlesmers.fr\/wordpress\/wp-content\/uploads\/2019\/12\/P4130039-600x450.jpg 600w\" sizes=\"50vw\" \/>\t\t\t\t\t<\/div>\r\n\t<\/div>\r\n\t\t<figcaption class=\"mgl-caption\">\r\n\t\t\t<p>Dans les jardins d&#039;Alfabia<\/p>\r\n\t<\/figcaption>\r\n\t<\/figure>\r\n<figure class=\"mgl-item\">\r\n\t<div class=\"mgl-icon\">\r\n\t\t<div class=\"mgl-img-container\">\r\n\t\t\t\t\t\t\t<img loading=\"lazy\" decoding=\"async\" width=\"910\" height=\"683\" src=\"http:\/\/surlesmers.fr\/wordpress\/wp-content\/uploads\/2019\/05\/P4130036-1024x768.jpg\" class=\"wp-image-577\" alt=\"\" srcset=\"http:\/\/surlesmers.fr\/wordpress\/wp-content\/uploads\/2019\/05\/P4130036-1024x768.jpg 1024w, http:\/\/surlesmers.fr\/wordpress\/wp-content\/uploads\/2019\/05\/P4130036-300x225.jpg 300w, http:\/\/surlesmers.fr\/wordpress\/wp-content\/uploads\/2019\/05\/P4130036-768x576.jpg 768w, http:\/\/surlesmers.fr\/wordpress\/wp-content\/uploads\/2019\/05\/P4130036-600x450.jpg 600w\" sizes=\"50vw\" \/>\t\t\t\t\t<\/div>\r\n\t<\/div>\r\n\t\t<figcaption class=\"mgl-caption\">\r\n\t\t\t<p>A l&#039;ombre des orangers<\/p>\r\n\t<\/figcaption>\r\n\t<\/figure>\r\n<\/div><\/div>\n\n\n\n<p>Nous repartons le mardi 16 avril pour passer le Cap Formentor apr\u00e8s une nuit au mouillage \u00e0 la Cala Tuent et gagner le port de Pollen\u00e7a. L&rsquo;ambiance l\u00e0-bas est tr\u00e8s diff\u00e9rente de celle de Soller ou d&rsquo;Andratx : Pub irlandais, steak house, restaurant indien&#8230; Ne comptez pas trouver quoi que ce soit d&rsquo;authentique par ici, sauf peut-\u00eatre les ensaimadas de la boulangerie ! Mais peut-\u00eatre vous laisserez vous tout de m\u00eame tenter par un s\u00e9jour dans la magnifique r\u00e9sidence d&rsquo;Albercutx situ\u00e9e sur la Punta de la Avanzada non loin du port ? Cette ancienne forteresse construite au 17\u00e8me si\u00e8cle pour luter contre la piraterie, reconvertie en un luxueux domaine dans les ann\u00e9es 20, a \u00e9t\u00e9 revendue en 2011 pour une somme estim\u00e9e \u00e0 quelques 40 millions d&rsquo;euros !<\/p>\n\n\n\n<figure class=\"wp-block-image\"><img loading=\"lazy\" decoding=\"async\" width=\"1024\" height=\"425\" src=\"http:\/\/surlesmers.fr\/wordpress\/wp-content\/uploads\/2019\/05\/P4170029-e1558428079827-1024x425.jpg\" alt=\"\" class=\"wp-image-578\" srcset=\"http:\/\/surlesmers.fr\/wordpress\/wp-content\/uploads\/2019\/05\/P4170029-e1558428079827-1024x425.jpg 1024w, http:\/\/surlesmers.fr\/wordpress\/wp-content\/uploads\/2019\/05\/P4170029-e1558428079827-300x124.jpg 300w, http:\/\/surlesmers.fr\/wordpress\/wp-content\/uploads\/2019\/05\/P4170029-e1558428079827-768x319.jpg 768w\" sizes=\"(max-width: 1024px) 100vw, 1024px\" \/><\/figure>\n","protected":false},"excerpt":{"rendered":"<p>Apr\u00e8s quelques jours au port d&rsquo;Andratx le bateau reprend sa route vers le nord des Bal\u00e9ares en longeant la c\u00f4te<\/p>\n","protected":false},"author":3,"featured_media":575,"comment_status":"open","ping_status":"open","sticky":false,"template":"","format":"standard","meta":{"footnotes":""},"categories":[1],"tags":[],"_links":{"self":[{"href":"http:\/\/surlesmers.fr\/wordpress\/wp-json\/wp\/v2\/posts\/650"}],"collection":[{"href":"http:\/\/surlesmers.fr\/wordpress\/wp-json\/wp\/v2\/posts"}],"about":[{"href":"http:\/\/surlesmers.fr\/wordpress\/wp-json\/wp\/v2\/types\/post"}],"author":[{"embeddable":true,"href":"http:\/\/surlesmers.fr\/wordpress\/wp-json\/wp\/v2\/users\/3"}],"replies":[{"embeddable":true,"href":"http:\/\/surlesmers.fr\/wordpress\/wp-json\/wp\/v2\/comments?post=650"}],"version-history":[{"count":10,"href":"http:\/\/surlesmers.fr\/wordpress\/wp-json\/wp\/v2\/posts\/650\/revisions"}],"predecessor-version":[{"id":1336,"href":"http:\/\/surlesmers.fr\/wordpress\/wp-json\/wp\/v2\/posts\/650\/revisions\/1336"}],"wp:featuredmedia":[{"embeddable":true,"href":"http:\/\/surlesmers.fr\/wordpress\/wp-json\/wp\/v2\/media\/575"}],"wp:attachment":[{"href":"http:\/\/surlesmers.fr\/wordpress\/wp-json\/wp\/v2\/media?parent=650"}],"wp:term":[{"taxonomy":"category","embeddable":true,"href":"http:\/\/surlesmers.fr\/wordpress\/wp-json\/wp\/v2\/categories?post=650"},{"taxonomy":"post_tag","embeddable":true,"href":"http:\/\/surlesmers.fr\/wordpress\/wp-json\/wp\/v2\/tags?post=650"}],"curies":[{"name":"wp","href":"https:\/\/api.w.org\/{rel}","templated":true}]}}