{"id":514,"date":"2019-03-30T14:00:23","date_gmt":"2019-03-30T14:00:23","guid":{"rendered":"http:\/\/surlesmers.fr\/wordpress\/?p=514"},"modified":"2019-12-03T07:32:53","modified_gmt":"2019-12-03T07:32:53","slug":"levante-encore-et-toujours","status":"publish","type":"post","link":"http:\/\/surlesmers.fr\/wordpress\/2019\/03\/30\/levante-encore-et-toujours\/","title":{"rendered":"Levante encore et toujours"},"content":{"rendered":"\n<p>C&rsquo;est l&rsquo;histoire d&rsquo;un vent d&rsquo;est qui ne veut pas nous quitter&#8230; Apr\u00e8s <strong>Ceuta <\/strong>cap sur Malaga, passant au large de Gibraltar et de son fameux rocher que l&rsquo;on voit \u00e9merger au dessus des brumes. Nous croisons encore plusieurs mastodontes : Tankers, p\u00e9troliers, bateaux de croisi\u00e8re, etc. Ils sont nombreux dans le secteur \u00e0 faire la route entre Atlantique et M\u00e9diterran\u00e9e, dans un sens ou dans l&rsquo;autre. Leur navigation est r\u00e9glement\u00e9e : Ceux qui vont vers l&rsquo;ouest passent au nord, ceux qui vont vers l&rsquo;est passent au sud.<\/p>\n\n\n\n<figure class=\"wp-block-image\"><img loading=\"lazy\" decoding=\"async\" width=\"1024\" height=\"386\" src=\"http:\/\/surlesmers.fr\/wordpress\/wp-content\/uploads\/2019\/04\/P3170126-1024x386.jpg\" alt=\"\" class=\"wp-image-517\" srcset=\"http:\/\/surlesmers.fr\/wordpress\/wp-content\/uploads\/2019\/04\/P3170126-1024x386.jpg 1024w, http:\/\/surlesmers.fr\/wordpress\/wp-content\/uploads\/2019\/04\/P3170126-300x113.jpg 300w, http:\/\/surlesmers.fr\/wordpress\/wp-content\/uploads\/2019\/04\/P3170126-768x289.jpg 768w\" sizes=\"(max-width: 1024px) 100vw, 1024px\" \/><\/figure>\n\n\n\n<p>La route est longue depuis <strong>Gibraltar <\/strong>jusqu&rsquo;aux Bal\u00e9ares. Il nous faut longer toute la c\u00f4te espagnole jusqu&rsquo;au Cap de la Nao au sud de Valence, et malheureusement le vent ne cesse de nous pousser en sens contraire. Il s&rsquo;agit du Levante, un vent d&rsquo;est dont on nous avait d\u00e9j\u00e0 parl\u00e9 \u00e0 Faro, et qui souffle assez fort de f\u00e9vrier \u00e0 mai en m\u00e9diterran\u00e9e occidentale. Nous bataillons donc pendant de longues journ\u00e9es \u00e0 tirer des bords pour remonter p\u00e9niblement la Costa del Sol et la Costa Blanca. Il nous faut au total 14 jours pour faire les 350 miles de Tarifa \u00e0 Alt\u00e9a. En tirant des bords dans une mer agit\u00e9e voire forte c&rsquo;est en r\u00e9alit\u00e9 pas loin de 500 miles que le bateau doit parcourir avant de pouvoir mettre le cap sur les Bal\u00e9ares !<\/p>\n\n\n\n<p>La navigation ne nous laisse gu\u00e8re de r\u00e9pit et l&rsquo;\u00e9quipage fatigue, on profite assez peu des escales. Ce qui n&rsquo;est pas si grave car le paysage n&rsquo;est pas des plus jolis. Des pans entiers de la c\u00f4te sont recouverts de plastique : Ce sont les serres dans lesquelles poussent les l\u00e9gumes d&rsquo;Espagne qui alimentent l&rsquo;Europe enti\u00e8re pendant l&rsquo;hiver.<\/p>\n\n\n\n<figure class=\"wp-block-image\"><img loading=\"lazy\" decoding=\"async\" width=\"1024\" height=\"310\" src=\"http:\/\/surlesmers.fr\/wordpress\/wp-content\/uploads\/2019\/04\/P3210151-1024x310.jpg\" alt=\"\" class=\"wp-image-522\" srcset=\"http:\/\/surlesmers.fr\/wordpress\/wp-content\/uploads\/2019\/04\/P3210151-1024x310.jpg 1024w, http:\/\/surlesmers.fr\/wordpress\/wp-content\/uploads\/2019\/04\/P3210151-300x91.jpg 300w, http:\/\/surlesmers.fr\/wordpress\/wp-content\/uploads\/2019\/04\/P3210151-768x232.jpg 768w\" sizes=\"(max-width: 1024px) 100vw, 1024px\" \/><\/figure>\n\n\n\n<p>D&rsquo;autres secteurs sont bariol\u00e9s d&rsquo;immeubles immenses o\u00f9 viennent s&rsquo;entasser les touristes en mal de soleil. Voici par exemple un clich\u00e9 de <strong>Benidorm<\/strong>, une sorte de Las Vegas baln\u00e9aire au nord-est d&rsquo;Alicante&#8230; Pas tr\u00e8s jojo vu de la mer.<\/p>\n\n\n\n<figure class=\"wp-block-image\"><img loading=\"lazy\" decoding=\"async\" width=\"1024\" height=\"284\" src=\"http:\/\/surlesmers.fr\/wordpress\/wp-content\/uploads\/2019\/04\/P3290037-1024x284.jpg\" alt=\"\" class=\"wp-image-527\" srcset=\"http:\/\/surlesmers.fr\/wordpress\/wp-content\/uploads\/2019\/04\/P3290037-1024x284.jpg 1024w, http:\/\/surlesmers.fr\/wordpress\/wp-content\/uploads\/2019\/04\/P3290037-300x83.jpg 300w, http:\/\/surlesmers.fr\/wordpress\/wp-content\/uploads\/2019\/04\/P3290037-768x213.jpg 768w\" sizes=\"(max-width: 1024px) 100vw, 1024px\" \/><\/figure>\n\n\n\n<p>Tout de m\u00eame on peut trouver ici et l\u00e0 de chouettes trucs \u00e0 voir, mais ils sont souvent perdus au milieu d&rsquo;un urbanisme qui ne les met gu\u00e8re en valeur. On se pla\u00eet \u00e0 fl\u00e2ner dans les jardins de <strong>Malaga <\/strong>baign\u00e9s du parfum des orangers, \u00e0 se rapprocher des tours g\u00e9noises perch\u00e9es au dessus de la mer, \u00e0 contempler les vestiges romains de <strong>Carthag\u00e8ne <\/strong>en imaginant \u00e0 quoi la ville pouvait bien ressembler au temps d&rsquo;Auguste&#8230;<\/p>\n\n\n\n<div class='mgl-masonry-container'><style>\t.mgl-masonry {\t\tdisplay: none;\t}\t#mgl-gallery-69f48d7a32145 {\t\tcolumn-count: 2;\t\tmargin: -5px;\t}\t#mgl-gallery-69f48d7a32145 .mgl-item {\t\tpadding: 5px;\t}\t#mgl-gallery-69f48d7a32145 figcaption {\t\tpadding: 5px;\t}\t@media screen and (max-width: 800px) {\t\t#mgl-gallery-69f48d7a32145 {\t\t\tcolumn-count: 2;\t\t}\t}\t@media screen and (max-width: 600px) {\t\t#mgl-gallery-69f48d7a32145 {\t\t\tcolumn-count: 1;\t\t}\t}<\/style><div id='mgl-gallery-69f48d7a32145' class='mgl-gallery mgl-masonry' style=''><figure class=\"mgl-item\">\r\n\t<div class=\"mgl-icon\">\r\n\t\t<div class=\"mgl-img-container\">\r\n\t\t\t\t\t\t\t<img loading=\"lazy\" decoding=\"async\" width=\"910\" height=\"683\" src=\"http:\/\/surlesmers.fr\/wordpress\/wp-content\/uploads\/2019\/04\/P3180138-1024x768.jpg\" class=\"wp-image-520\" alt=\"\" srcset=\"http:\/\/surlesmers.fr\/wordpress\/wp-content\/uploads\/2019\/04\/P3180138-1024x768.jpg 1024w, http:\/\/surlesmers.fr\/wordpress\/wp-content\/uploads\/2019\/04\/P3180138-300x225.jpg 300w, http:\/\/surlesmers.fr\/wordpress\/wp-content\/uploads\/2019\/04\/P3180138-768x576.jpg 768w, http:\/\/surlesmers.fr\/wordpress\/wp-content\/uploads\/2019\/04\/P3180138-600x450.jpg 600w\" sizes=\"50vw\" \/>\t\t\t\t\t<\/div>\r\n\t<\/div>\r\n\t\t<figcaption class=\"mgl-caption\">\r\n\t\t\t<p>Autour des jardins de Malaga<\/p>\r\n\t<\/figcaption>\r\n\t<\/figure>\r\n<figure class=\"mgl-item\">\r\n\t<div class=\"mgl-icon\">\r\n\t\t<div class=\"mgl-img-container\">\r\n\t\t\t\t\t\t\t<img loading=\"lazy\" decoding=\"async\" width=\"910\" height=\"683\" src=\"http:\/\/surlesmers.fr\/wordpress\/wp-content\/uploads\/2019\/04\/P3180139-1024x768.jpg\" class=\"wp-image-521\" alt=\"\" srcset=\"http:\/\/surlesmers.fr\/wordpress\/wp-content\/uploads\/2019\/04\/P3180139-1024x768.jpg 1024w, http:\/\/surlesmers.fr\/wordpress\/wp-content\/uploads\/2019\/04\/P3180139-300x225.jpg 300w, http:\/\/surlesmers.fr\/wordpress\/wp-content\/uploads\/2019\/04\/P3180139-768x576.jpg 768w, http:\/\/surlesmers.fr\/wordpress\/wp-content\/uploads\/2019\/04\/P3180139-600x450.jpg 600w\" sizes=\"50vw\" \/>\t\t\t\t\t<\/div>\r\n\t<\/div>\r\n\t\t<figcaption class=\"mgl-caption\">\r\n\t\t\t<p>Alcazaba et cath\u00e9drale de Malaga<\/p>\r\n\t<\/figcaption>\r\n\t<\/figure>\r\n<\/div><\/div>\n\n\n\n<div class='mgl-masonry-container'><style>\t.mgl-masonry {\t\tdisplay: none;\t}\t#mgl-gallery-69f48d7a32881 {\t\tcolumn-count: 2;\t\tmargin: -5px;\t}\t#mgl-gallery-69f48d7a32881 .mgl-item {\t\tpadding: 5px;\t}\t#mgl-gallery-69f48d7a32881 figcaption {\t\tpadding: 5px;\t}\t@media screen and (max-width: 800px) {\t\t#mgl-gallery-69f48d7a32881 {\t\t\tcolumn-count: 2;\t\t}\t}\t@media screen and (max-width: 600px) {\t\t#mgl-gallery-69f48d7a32881 {\t\t\tcolumn-count: 1;\t\t}\t}<\/style><div id='mgl-gallery-69f48d7a32881' class='mgl-gallery mgl-masonry' style=''><figure class=\"mgl-item\">\r\n\t<div class=\"mgl-icon\">\r\n\t\t<div class=\"mgl-img-container\">\r\n\t\t\t\t\t\t\t<img loading=\"lazy\" decoding=\"async\" width=\"910\" height=\"683\" src=\"http:\/\/surlesmers.fr\/wordpress\/wp-content\/uploads\/2019\/03\/P3180129-1024x768.jpg\" class=\"wp-image-480\" alt=\"\" srcset=\"http:\/\/surlesmers.fr\/wordpress\/wp-content\/uploads\/2019\/03\/P3180129-1024x768.jpg 1024w, http:\/\/surlesmers.fr\/wordpress\/wp-content\/uploads\/2019\/03\/P3180129-300x225.jpg 300w, http:\/\/surlesmers.fr\/wordpress\/wp-content\/uploads\/2019\/03\/P3180129-768x576.jpg 768w, http:\/\/surlesmers.fr\/wordpress\/wp-content\/uploads\/2019\/03\/P3180129-600x450.jpg 600w\" sizes=\"50vw\" \/>\t\t\t\t\t<\/div>\r\n\t<\/div>\r\n\t\t<figcaption class=\"mgl-caption\">\r\n\t\t\t<p>Les jardins de Malaga<\/p>\r\n\t<\/figcaption>\r\n\t<\/figure>\r\n<figure class=\"mgl-item\">\r\n\t<div class=\"mgl-icon\">\r\n\t\t<div class=\"mgl-img-container\">\r\n\t\t\t\t\t\t\t<img loading=\"lazy\" decoding=\"async\" width=\"910\" height=\"683\" src=\"http:\/\/surlesmers.fr\/wordpress\/wp-content\/uploads\/2019\/04\/P3180130-1024x768.jpg\" class=\"wp-image-518\" alt=\"\" srcset=\"http:\/\/surlesmers.fr\/wordpress\/wp-content\/uploads\/2019\/04\/P3180130-1024x768.jpg 1024w, http:\/\/surlesmers.fr\/wordpress\/wp-content\/uploads\/2019\/04\/P3180130-300x225.jpg 300w, http:\/\/surlesmers.fr\/wordpress\/wp-content\/uploads\/2019\/04\/P3180130-768x576.jpg 768w, http:\/\/surlesmers.fr\/wordpress\/wp-content\/uploads\/2019\/04\/P3180130-600x450.jpg 600w\" sizes=\"50vw\" \/>\t\t\t\t\t<\/div>\r\n\t<\/div>\r\n\t\t<figcaption class=\"mgl-caption\">\r\n\t\t\t<p>Orangers des jardins de Malaga<\/p>\r\n\t<\/figcaption>\r\n\t<\/figure>\r\n<\/div><\/div>\n\n\n\n<div class='mgl-masonry-container'><style>\t.mgl-masonry {\t\tdisplay: none;\t}\t#mgl-gallery-69f48d7a32d8e {\t\tcolumn-count: 2;\t\tmargin: -5px;\t}\t#mgl-gallery-69f48d7a32d8e .mgl-item {\t\tpadding: 5px;\t}\t#mgl-gallery-69f48d7a32d8e figcaption {\t\tpadding: 5px;\t}\t@media screen and (max-width: 800px) {\t\t#mgl-gallery-69f48d7a32d8e {\t\t\tcolumn-count: 2;\t\t}\t}\t@media screen and (max-width: 600px) {\t\t#mgl-gallery-69f48d7a32d8e {\t\t\tcolumn-count: 1;\t\t}\t}<\/style><div id='mgl-gallery-69f48d7a32d8e' class='mgl-gallery mgl-masonry' style=''><figure class=\"mgl-item\">\r\n\t<div class=\"mgl-icon\">\r\n\t\t<div class=\"mgl-img-container\">\r\n\t\t\t\t\t\t\t<img loading=\"lazy\" decoding=\"async\" width=\"910\" height=\"683\" src=\"http:\/\/surlesmers.fr\/wordpress\/wp-content\/uploads\/2019\/04\/P3250029-1024x768.jpg\" class=\"wp-image-525\" alt=\"\" srcset=\"http:\/\/surlesmers.fr\/wordpress\/wp-content\/uploads\/2019\/04\/P3250029-1024x768.jpg 1024w, http:\/\/surlesmers.fr\/wordpress\/wp-content\/uploads\/2019\/04\/P3250029-300x225.jpg 300w, http:\/\/surlesmers.fr\/wordpress\/wp-content\/uploads\/2019\/04\/P3250029-768x576.jpg 768w, http:\/\/surlesmers.fr\/wordpress\/wp-content\/uploads\/2019\/04\/P3250029-600x450.jpg 600w\" sizes=\"50vw\" \/>\t\t\t\t\t<\/div>\r\n\t<\/div>\r\n\t\t<figcaption class=\"mgl-caption\">\r\n\t\t\t<p>Th\u00e9atre romain de Carthag\u00e8ne<\/p>\r\n\t<\/figcaption>\r\n\t<\/figure>\r\n<figure class=\"mgl-item\">\r\n\t<div class=\"mgl-icon\">\r\n\t\t<div class=\"mgl-img-container\">\r\n\t\t\t\t\t\t\t<img loading=\"lazy\" decoding=\"async\" width=\"910\" height=\"683\" src=\"http:\/\/surlesmers.fr\/wordpress\/wp-content\/uploads\/2019\/04\/P3250033-e1556368067600-1024x768.jpg\" class=\"wp-image-526\" alt=\"\" srcset=\"http:\/\/surlesmers.fr\/wordpress\/wp-content\/uploads\/2019\/04\/P3250033-e1556368067600-1024x768.jpg 1024w, http:\/\/surlesmers.fr\/wordpress\/wp-content\/uploads\/2019\/04\/P3250033-e1556368067600-300x225.jpg 300w, http:\/\/surlesmers.fr\/wordpress\/wp-content\/uploads\/2019\/04\/P3250033-e1556368067600-768x576.jpg 768w, http:\/\/surlesmers.fr\/wordpress\/wp-content\/uploads\/2019\/04\/P3250033-e1556368067600-600x450.jpg 600w\" sizes=\"50vw\" \/>\t\t\t\t\t<\/div>\r\n\t<\/div>\r\n\t\t<figcaption class=\"mgl-caption\">\r\n\t\t\t<p>Le th\u00e9atre romain, d\u00e9tail<\/p>\r\n\t<\/figcaption>\r\n\t<\/figure>\r\n<\/div><\/div>\n\n\n\n<div class='mgl-masonry-container'><style>\t.mgl-masonry {\t\tdisplay: none;\t}\t#mgl-gallery-69f48d7a3332d {\t\tcolumn-count: 2;\t\tmargin: -5px;\t}\t#mgl-gallery-69f48d7a3332d .mgl-item {\t\tpadding: 5px;\t}\t#mgl-gallery-69f48d7a3332d figcaption {\t\tpadding: 5px;\t}\t@media screen and (max-width: 800px) {\t\t#mgl-gallery-69f48d7a3332d {\t\t\tcolumn-count: 2;\t\t}\t}\t@media screen and (max-width: 600px) {\t\t#mgl-gallery-69f48d7a3332d {\t\t\tcolumn-count: 1;\t\t}\t}<\/style><div id='mgl-gallery-69f48d7a3332d' class='mgl-gallery mgl-masonry' style=''><figure class=\"mgl-item\">\r\n\t<div class=\"mgl-icon\">\r\n\t\t<div class=\"mgl-img-container\">\r\n\t\t\t\t\t\t\t<img loading=\"lazy\" decoding=\"async\" width=\"910\" height=\"683\" src=\"http:\/\/surlesmers.fr\/wordpress\/wp-content\/uploads\/2019\/04\/P3240028-1024x768.jpg\" class=\"wp-image-524\" alt=\"\" srcset=\"http:\/\/surlesmers.fr\/wordpress\/wp-content\/uploads\/2019\/04\/P3240028-1024x768.jpg 1024w, http:\/\/surlesmers.fr\/wordpress\/wp-content\/uploads\/2019\/04\/P3240028-300x225.jpg 300w, http:\/\/surlesmers.fr\/wordpress\/wp-content\/uploads\/2019\/04\/P3240028-768x576.jpg 768w, http:\/\/surlesmers.fr\/wordpress\/wp-content\/uploads\/2019\/04\/P3240028-600x450.jpg 600w\" sizes=\"50vw\" \/>\t\t\t\t\t<\/div>\r\n\t<\/div>\r\n\t\t<figcaption class=\"mgl-caption\">\r\n\t\t\t<p>Tour g\u00e9noise sur la Costa del Sol<\/p>\r\n\t<\/figcaption>\r\n\t<\/figure>\r\n<figure class=\"mgl-item\">\r\n\t<div class=\"mgl-icon\">\r\n\t\t<div class=\"mgl-img-container\">\r\n\t\t\t\t\t\t\t<img loading=\"lazy\" decoding=\"async\" width=\"910\" height=\"683\" src=\"http:\/\/surlesmers.fr\/wordpress\/wp-content\/uploads\/2019\/04\/P3300041-1024x768.jpg\" class=\"wp-image-528\" alt=\"\" srcset=\"http:\/\/surlesmers.fr\/wordpress\/wp-content\/uploads\/2019\/04\/P3300041-1024x768.jpg 1024w, http:\/\/surlesmers.fr\/wordpress\/wp-content\/uploads\/2019\/04\/P3300041-300x225.jpg 300w, http:\/\/surlesmers.fr\/wordpress\/wp-content\/uploads\/2019\/04\/P3300041-768x576.jpg 768w, http:\/\/surlesmers.fr\/wordpress\/wp-content\/uploads\/2019\/04\/P3300041-600x450.jpg 600w\" sizes=\"50vw\" \/>\t\t\t\t\t<\/div>\r\n\t<\/div>\r\n\t\t<figcaption class=\"mgl-caption\">\r\n\t\t\t<p>Eglise au dessus d&#039;Altea<\/p>\r\n\t<\/figcaption>\r\n\t<\/figure>\r\n<\/div><\/div>\n","protected":false},"excerpt":{"rendered":"<p>C&rsquo;est l&rsquo;histoire d&rsquo;un vent d&rsquo;est qui ne veut pas nous quitter&#8230; Apr\u00e8s Ceuta cap sur Malaga, passant au large de<\/p>\n","protected":false},"author":3,"featured_media":547,"comment_status":"open","ping_status":"open","sticky":false,"template":"","format":"standard","meta":{"footnotes":""},"categories":[1],"tags":[],"_links":{"self":[{"href":"http:\/\/surlesmers.fr\/wordpress\/wp-json\/wp\/v2\/posts\/514"}],"collection":[{"href":"http:\/\/surlesmers.fr\/wordpress\/wp-json\/wp\/v2\/posts"}],"about":[{"href":"http:\/\/surlesmers.fr\/wordpress\/wp-json\/wp\/v2\/types\/post"}],"author":[{"embeddable":true,"href":"http:\/\/surlesmers.fr\/wordpress\/wp-json\/wp\/v2\/users\/3"}],"replies":[{"embeddable":true,"href":"http:\/\/surlesmers.fr\/wordpress\/wp-json\/wp\/v2\/comments?post=514"}],"version-history":[{"count":22,"href":"http:\/\/surlesmers.fr\/wordpress\/wp-json\/wp\/v2\/posts\/514\/revisions"}],"predecessor-version":[{"id":1342,"href":"http:\/\/surlesmers.fr\/wordpress\/wp-json\/wp\/v2\/posts\/514\/revisions\/1342"}],"wp:featuredmedia":[{"embeddable":true,"href":"http:\/\/surlesmers.fr\/wordpress\/wp-json\/wp\/v2\/media\/547"}],"wp:attachment":[{"href":"http:\/\/surlesmers.fr\/wordpress\/wp-json\/wp\/v2\/media?parent=514"}],"wp:term":[{"taxonomy":"category","embeddable":true,"href":"http:\/\/surlesmers.fr\/wordpress\/wp-json\/wp\/v2\/categories?post=514"},{"taxonomy":"post_tag","embeddable":true,"href":"http:\/\/surlesmers.fr\/wordpress\/wp-json\/wp\/v2\/tags?post=514"}],"curies":[{"name":"wp","href":"https:\/\/api.w.org\/{rel}","templated":true}]}}