{"id":509,"date":"2019-03-17T10:00:24","date_gmt":"2019-03-17T10:00:24","guid":{"rendered":"http:\/\/surlesmers.fr\/wordpress\/?p=509"},"modified":"2019-12-03T07:35:56","modified_gmt":"2019-12-03T07:35:56","slug":"escale-africaine-et-petites-b","status":"publish","type":"post","link":"http:\/\/surlesmers.fr\/wordpress\/2019\/03\/17\/escale-africaine-et-petites-b\/","title":{"rendered":"Escale africaine et p&rsquo;tites B&#8230;"},"content":{"rendered":"\n<p>Nous repartons de <strong>Tarifa <\/strong>le samedi 16 au matin sous les coups de corne (\u00e9quivalent marin du klaxon) de la navette qui utilise le ponton de service sur lequel nous sommes amarr\u00e9s&#8230; On se d\u00e9p\u00eache de d\u00e9gager la place et on quitte le port. Le vent souffle un peu moins fort que la veille, mais il est toujours d&rsquo;est, alors plut\u00f4t que de tirer des bords pour remonter vers Gibraltar et son rocher, nous d\u00e9cidons de mettre le cap sur l&rsquo;Afrique ! La petite enclave espagnole de <strong>Ceuta <\/strong>nous permet de mettre le pied sur l&rsquo;autre continent sans trop de formalit\u00e9s administratives.<br>La mer est beaucoup plus agr\u00e9able, on profite du soleil sur le pont en regardant la c\u00f4te au dessus de laquelle se dressent les sommets du Rif marocain. Il est presque 14h quand sur notre deuxi\u00e8me bord on croise un bateau occup\u00e9 \u00e0 suivre un groupe de c\u00e9tac\u00e9s qu&rsquo;on peine d&rsquo;abord \u00e0 identifier : Dauphins, baleines, <em>petites baleines<\/em>&#8230;<\/p>\n\n\n\n<figure class=\"wp-block-image\"><img loading=\"lazy\" decoding=\"async\" width=\"1024\" height=\"484\" src=\"http:\/\/surlesmers.fr\/wordpress\/wp-content\/uploads\/2019\/03\/P3160104-1024x484.jpg\" alt=\"\" class=\"wp-image-474\" srcset=\"http:\/\/surlesmers.fr\/wordpress\/wp-content\/uploads\/2019\/03\/P3160104-1024x484.jpg 1024w, http:\/\/surlesmers.fr\/wordpress\/wp-content\/uploads\/2019\/03\/P3160104-300x142.jpg 300w, http:\/\/surlesmers.fr\/wordpress\/wp-content\/uploads\/2019\/03\/P3160104-768x363.jpg 768w\" sizes=\"(max-width: 1024px) 100vw, 1024px\" \/><\/figure>\n\n\n\n<p>Il s&rsquo;agit en fait d&rsquo;orques, et c&rsquo;est la premi\u00e8re fois qu&rsquo;on en voit ! Il sont toute une famille et font tranquillement leur chemin sans se pr\u00e9occuper des bateaux qui les observent. Nous faisons demi-tour pour les suivre un moment avant de reprendre notre route.<\/p>\n\n\n\n<p>Ceuta nous offre une escale d\u00e9paysante, il fait vraiment chaud \u00e0 notre arriv\u00e9e, la ville est un m\u00e9lange de Maroc et d&rsquo;Espagne. La nuit apr\u00e8s les tapas espagnols on monte sur la colline au dessus du port pour d\u00eener dans un resto tr\u00e8s marocain qui sert du tajine d&rsquo;agneau ou de la morue \u00e0 la tangerine. Le lendemain matin c\u00f4t\u00e9 plage on peut voir le soleil se lever sur l&rsquo;immense baie qui s&rsquo;\u00e9tire au sud-est. L&rsquo;eau est quand m\u00eame froide, il faut du courage pour se baigner !<\/p>\n\n\n\n<div class='mgl-masonry-container'><style>\t.mgl-masonry {\t\tdisplay: none;\t}\t#mgl-gallery-69f489ac83c63 {\t\tcolumn-count: 2;\t\tmargin: -5px;\t}\t#mgl-gallery-69f489ac83c63 .mgl-item {\t\tpadding: 5px;\t}\t#mgl-gallery-69f489ac83c63 figcaption {\t\tpadding: 5px;\t}\t@media screen and (max-width: 800px) {\t\t#mgl-gallery-69f489ac83c63 {\t\t\tcolumn-count: 2;\t\t}\t}\t@media screen and (max-width: 600px) {\t\t#mgl-gallery-69f489ac83c63 {\t\t\tcolumn-count: 1;\t\t}\t}<\/style><div id='mgl-gallery-69f489ac83c63' class='mgl-gallery mgl-masonry' style=''><figure class=\"mgl-item\">\r\n\t<div class=\"mgl-icon\">\r\n\t\t<div class=\"mgl-img-container\">\r\n\t\t\t\t\t\t\t<img loading=\"lazy\" decoding=\"async\" width=\"910\" height=\"683\" src=\"http:\/\/surlesmers.fr\/wordpress\/wp-content\/uploads\/2019\/03\/P3160115-1024x768.jpg\" class=\"wp-image-476\" alt=\"\" srcset=\"http:\/\/surlesmers.fr\/wordpress\/wp-content\/uploads\/2019\/03\/P3160115-1024x768.jpg 1024w, http:\/\/surlesmers.fr\/wordpress\/wp-content\/uploads\/2019\/03\/P3160115-300x225.jpg 300w, http:\/\/surlesmers.fr\/wordpress\/wp-content\/uploads\/2019\/03\/P3160115-768x576.jpg 768w, http:\/\/surlesmers.fr\/wordpress\/wp-content\/uploads\/2019\/03\/P3160115-600x450.jpg 600w\" sizes=\"50vw\" \/>\t\t\t\t\t<\/div>\r\n\t<\/div>\r\n\t<\/figure>\r\n<figure class=\"mgl-item\">\r\n\t<div class=\"mgl-icon\">\r\n\t\t<div class=\"mgl-img-container\">\r\n\t\t\t\t\t\t\t<img loading=\"lazy\" decoding=\"async\" width=\"910\" height=\"683\" src=\"http:\/\/surlesmers.fr\/wordpress\/wp-content\/uploads\/2019\/03\/P3170117-1024x768.jpg\" class=\"wp-image-478\" alt=\"\" srcset=\"http:\/\/surlesmers.fr\/wordpress\/wp-content\/uploads\/2019\/03\/P3170117-1024x768.jpg 1024w, http:\/\/surlesmers.fr\/wordpress\/wp-content\/uploads\/2019\/03\/P3170117-300x225.jpg 300w, http:\/\/surlesmers.fr\/wordpress\/wp-content\/uploads\/2019\/03\/P3170117-768x576.jpg 768w, http:\/\/surlesmers.fr\/wordpress\/wp-content\/uploads\/2019\/03\/P3170117-600x450.jpg 600w\" sizes=\"50vw\" \/>\t\t\t\t\t<\/div>\r\n\t<\/div>\r\n\t<\/figure>\r\n<\/div><\/div>\n","protected":false},"excerpt":{"rendered":"<p>Nous repartons de Tarifa le samedi 16 au matin sous les coups de corne (\u00e9quivalent marin du klaxon) de la<\/p>\n","protected":false},"author":3,"featured_media":475,"comment_status":"open","ping_status":"open","sticky":false,"template":"","format":"standard","meta":{"footnotes":""},"categories":[1],"tags":[],"_links":{"self":[{"href":"http:\/\/surlesmers.fr\/wordpress\/wp-json\/wp\/v2\/posts\/509"}],"collection":[{"href":"http:\/\/surlesmers.fr\/wordpress\/wp-json\/wp\/v2\/posts"}],"about":[{"href":"http:\/\/surlesmers.fr\/wordpress\/wp-json\/wp\/v2\/types\/post"}],"author":[{"embeddable":true,"href":"http:\/\/surlesmers.fr\/wordpress\/wp-json\/wp\/v2\/users\/3"}],"replies":[{"embeddable":true,"href":"http:\/\/surlesmers.fr\/wordpress\/wp-json\/wp\/v2\/comments?post=509"}],"version-history":[{"count":8,"href":"http:\/\/surlesmers.fr\/wordpress\/wp-json\/wp\/v2\/posts\/509\/revisions"}],"predecessor-version":[{"id":1345,"href":"http:\/\/surlesmers.fr\/wordpress\/wp-json\/wp\/v2\/posts\/509\/revisions\/1345"}],"wp:featuredmedia":[{"embeddable":true,"href":"http:\/\/surlesmers.fr\/wordpress\/wp-json\/wp\/v2\/media\/475"}],"wp:attachment":[{"href":"http:\/\/surlesmers.fr\/wordpress\/wp-json\/wp\/v2\/media?parent=509"}],"wp:term":[{"taxonomy":"category","embeddable":true,"href":"http:\/\/surlesmers.fr\/wordpress\/wp-json\/wp\/v2\/categories?post=509"},{"taxonomy":"post_tag","embeddable":true,"href":"http:\/\/surlesmers.fr\/wordpress\/wp-json\/wp\/v2\/tags?post=509"}],"curies":[{"name":"wp","href":"https:\/\/api.w.org\/{rel}","templated":true}]}}