{"id":497,"date":"2019-03-11T10:00:31","date_gmt":"2019-03-11T10:00:31","guid":{"rendered":"http:\/\/surlesmers.fr\/wordpress\/?p=497"},"modified":"2019-12-03T07:41:26","modified_gmt":"2019-12-03T07:41:26","slug":"dernier-week-end-a-faro","status":"publish","type":"post","link":"http:\/\/surlesmers.fr\/wordpress\/2019\/03\/11\/dernier-week-end-a-faro\/","title":{"rendered":"Dernier week-end \u00e0 Faro"},"content":{"rendered":"\n<p>La mise \u00e0 l&rsquo;eau est pr\u00e9vue pour ce lundi 11 mars, les \u00e9quipiers arrivent les uns apr\u00e8s les autres, d&rsquo;abord Nathalie et Philippe puis Sam et enfin Camilla. Encore quelques coups de peinture, graisser les winches, hisser les voiles d&rsquo;avant sur leur enrouleur, changer le c\u00e2ble \u00e9lectrique du feu de navigation b\u00e2bord&#8230; Sans oublier l&rsquo;avitaillement ! Quand lundi arrive on peut sereinement consulter le guide c\u00f4tier pour voir la route \u00e0 venir.<\/p>\n\n\n\n<figure class=\"wp-block-image\"><img loading=\"lazy\" decoding=\"async\" width=\"1024\" height=\"768\" src=\"http:\/\/surlesmers.fr\/wordpress\/wp-content\/uploads\/2019\/03\/P1010003-1024x768.jpg\" alt=\"\" class=\"wp-image-458\" srcset=\"http:\/\/surlesmers.fr\/wordpress\/wp-content\/uploads\/2019\/03\/P1010003-1024x768.jpg 1024w, http:\/\/surlesmers.fr\/wordpress\/wp-content\/uploads\/2019\/03\/P1010003-300x225.jpg 300w, http:\/\/surlesmers.fr\/wordpress\/wp-content\/uploads\/2019\/03\/P1010003-768x576.jpg 768w, http:\/\/surlesmers.fr\/wordpress\/wp-content\/uploads\/2019\/03\/P1010003-600x450.jpg 600w\" sizes=\"(max-width: 1024px) 100vw, 1024px\" \/><\/figure>\n\n\n\n<p>Au total le bateau sera rest\u00e9 4 mois au chantier de Bruce \u00e0 Faro, et nous en garderons un tr\u00e8s bon souvenir : Les couchers de soleil magnifiques sur la lagune peupl\u00e9e d&rsquo;oiseaux, les bonnes p\u00e2tisseries portugaises et surtout la compagnie de notre sympathique voisin, Sandy. Lui et sa femme sont anglais, retrait\u00e9s et vivent ici depuis 5 ans sur leur bateau que Sandy retape tranquillement au jour le jour. Des probl\u00e8mes de sant\u00e9 l&rsquo;ont emp\u00each\u00e9 de reprendre la mer plus t\u00f4t mais il compte bien retourner sur l&rsquo;eau cette ann\u00e9e ! Il a des tas d&rsquo;histoires \u00e0 raconter, comme celle d&rsquo;un bateau en bois rest\u00e9 des ann\u00e9es au chantier sans entretien jusqu&rsquo;\u00e0 ce qu&rsquo;on force le propri\u00e9taire \u00e0 payer une partie de ses arri\u00e9r\u00e9s et \u00e0 quitter les lieux : Une fois sur la grue le bateau s&rsquo;est presque ouvert en deux, car il s&rsquo;\u00e9tait rempli d&rsquo;eau de pluie !<\/p>\n\n\n\n<figure class=\"wp-block-image\"><img loading=\"lazy\" decoding=\"async\" width=\"1024\" height=\"547\" src=\"http:\/\/surlesmers.fr\/wordpress\/wp-content\/uploads\/2019\/03\/P1010009-e1554368689886-1024x547.jpg\" alt=\"\" class=\"wp-image-459\" srcset=\"http:\/\/surlesmers.fr\/wordpress\/wp-content\/uploads\/2019\/03\/P1010009-e1554368689886-1024x547.jpg 1024w, http:\/\/surlesmers.fr\/wordpress\/wp-content\/uploads\/2019\/03\/P1010009-e1554368689886-300x160.jpg 300w, http:\/\/surlesmers.fr\/wordpress\/wp-content\/uploads\/2019\/03\/P1010009-e1554368689886-768x410.jpg 768w\" sizes=\"(max-width: 1024px) 100vw, 1024px\" \/><\/figure>\n","protected":false},"excerpt":{"rendered":"<p>La mise \u00e0 l&rsquo;eau est pr\u00e9vue pour ce lundi 11 mars, les \u00e9quipiers arrivent les uns apr\u00e8s les autres, d&rsquo;abord<\/p>\n","protected":false},"author":3,"featured_media":471,"comment_status":"open","ping_status":"open","sticky":false,"template":"","format":"standard","meta":{"footnotes":""},"categories":[1],"tags":[],"_links":{"self":[{"href":"http:\/\/surlesmers.fr\/wordpress\/wp-json\/wp\/v2\/posts\/497"}],"collection":[{"href":"http:\/\/surlesmers.fr\/wordpress\/wp-json\/wp\/v2\/posts"}],"about":[{"href":"http:\/\/surlesmers.fr\/wordpress\/wp-json\/wp\/v2\/types\/post"}],"author":[{"embeddable":true,"href":"http:\/\/surlesmers.fr\/wordpress\/wp-json\/wp\/v2\/users\/3"}],"replies":[{"embeddable":true,"href":"http:\/\/surlesmers.fr\/wordpress\/wp-json\/wp\/v2\/comments?post=497"}],"version-history":[{"count":4,"href":"http:\/\/surlesmers.fr\/wordpress\/wp-json\/wp\/v2\/posts\/497\/revisions"}],"predecessor-version":[{"id":1348,"href":"http:\/\/surlesmers.fr\/wordpress\/wp-json\/wp\/v2\/posts\/497\/revisions\/1348"}],"wp:featuredmedia":[{"embeddable":true,"href":"http:\/\/surlesmers.fr\/wordpress\/wp-json\/wp\/v2\/media\/471"}],"wp:attachment":[{"href":"http:\/\/surlesmers.fr\/wordpress\/wp-json\/wp\/v2\/media?parent=497"}],"wp:term":[{"taxonomy":"category","embeddable":true,"href":"http:\/\/surlesmers.fr\/wordpress\/wp-json\/wp\/v2\/categories?post=497"},{"taxonomy":"post_tag","embeddable":true,"href":"http:\/\/surlesmers.fr\/wordpress\/wp-json\/wp\/v2\/tags?post=497"}],"curies":[{"name":"wp","href":"https:\/\/api.w.org\/{rel}","templated":true}]}}