{"id":444,"date":"2019-02-23T10:28:52","date_gmt":"2019-02-23T10:28:52","guid":{"rendered":"http:\/\/surlesmers.fr\/wordpress\/?p=444"},"modified":"2019-12-03T07:46:12","modified_gmt":"2019-12-03T07:46:12","slug":"2019-objectif-mediterranee","status":"publish","type":"post","link":"http:\/\/surlesmers.fr\/wordpress\/2019\/02\/23\/2019-objectif-mediterranee\/","title":{"rendered":"2019 : Le programme de l&rsquo;ann\u00e9e"},"content":{"rendered":"\n<p>Nous rentrons \u00e0 <strong>Faro <\/strong>le 21 f\u00e9vrier pour pr\u00e9parer le bateau avant sa mise \u00e0 l&rsquo;eau pr\u00e9vue d\u00e9but mars. Il faut nettoyer\/poncer et repeindre la coque (<em>antifouling<\/em>) et r\u00e9parer quelques avaries g\u00eanantes comme le feu de navigation b\u00e2bord, le plaquage de la table de cuisine, un joint de hublot, etc. Pas mal de travail en perspective !<\/p>\n\n\n\n<p>Depuis novembre nous avons eu le temps de r\u00e9fl\u00e9chir aux \u00e9tapes du voyage de Coromandel en 2019 : Bal\u00e9ares, Sardaigne, Corse, Elbe, Capri, Sicile, Corfou&#8230; Voici donc le programme de navigation mis au point pour cette ann\u00e9e et comme vous pouvez le voir il reste des places \u00e0 prendre sur certaines \u00e9tapes !<\/p>\n\n\n\n<table id=\"tablepress-2\" class=\"tablepress tablepress-id-2\">\n<thead>\n<tr class=\"row-1 odd\">\n\t<th class=\"column-1\">P\u00e9riode<\/th><th class=\"column-2\">Etape<\/th><th class=\"column-3\">Itin\u00e9raire<\/th><th class=\"column-4\">Equipage<\/th>\n<\/tr>\n<\/thead>\n<tbody class=\"row-hover\">\n<tr class=\"row-2 even\">\n\t<td class=\"column-1\">5 mars &ndash; 5 avril<\/td><td class=\"column-2\">Faro &ndash; Andratx<\/td><td class=\"column-3\">C\u00f4te sud Espagne, Ibiza<\/td><td class=\"column-4\">Complet<\/td>\n<\/tr>\n<tr class=\"row-3 odd\">\n\t<td class=\"column-1\">6 au 21 avril<\/td><td class=\"column-2\">Andratx &ndash; Alcudia<\/td><td class=\"column-3\">C\u00f4te ouest Majorque<\/td><td class=\"column-4\">Complet<\/td>\n<\/tr>\n<tr class=\"row-4 even\">\n\t<td class=\"column-1\">22 avril &ndash; 3 mai<\/td><td class=\"column-2\">Alcudia &ndash; Porto Vecchio<\/td><td class=\"column-3\">Minorque, nord-ouest Sardaigne, sud Corse<\/td><td class=\"column-4\">Places disponibles<\/td>\n<\/tr>\n<tr class=\"row-5 odd\">\n\t<td class=\"column-1\">4 au 11 mai<\/td><td class=\"column-2\">Porto Vecchio &ndash; Bonifacio<\/td><td class=\"column-3\">Sud Corse et nord Sardaigne<\/td><td class=\"column-4\">Complet<\/td>\n<\/tr>\n<tr class=\"row-6 even\">\n\t<td class=\"column-1\">12 au 26 mai<\/td><td class=\"column-2\">Bonifacio &ndash; Bastia<\/td><td class=\"column-3\">C\u00f4te ouest de la Corse et cap Corse<\/td><td class=\"column-4\">Places disponibles<\/td>\n<\/tr>\n<tr class=\"row-7 odd\">\n\t<td class=\"column-1\">27 mai &ndash; 7 juin<\/td><td class=\"column-2\">Bastia &ndash; Rome<\/td><td class=\"column-3\">Archipel toscan et c\u00f4te italienne<\/td><td class=\"column-4\">Places disponibles<\/td>\n<\/tr>\n<tr class=\"row-8 even\">\n\t<td class=\"column-1\">8 au 15 juin<\/td><td class=\"column-2\">Rome &ndash; Naples<\/td><td class=\"column-3\">Les \u00eeles Pontines (Ponza, Ventotene) et Ischia<\/td><td class=\"column-4\">Places disponibles<\/td>\n<\/tr>\n<tr class=\"row-9 odd\">\n\t<td class=\"column-1\">16 au 30 juin<\/td><td class=\"column-2\">Naples &ndash; Cefal\u00f9<\/td><td class=\"column-3\">Capri, c\u00f4te amalfitaine, \u00eeles Eoliennes et nord Sicile<\/td><td class=\"column-4\">Places disponibles<\/td>\n<\/tr>\n<tr class=\"row-10 even\">\n\t<td class=\"column-1\">1er juillet &ndash; 7 ao\u00fbt<\/td><td class=\"column-2\">Cefal\u00f9 &ndash; Catane<\/td><td class=\"column-3\">Tour de la Sicile nord-ouest-sud-est<\/td><td class=\"column-4\">Complet<\/td>\n<\/tr>\n<tr class=\"row-11 odd\">\n\t<td class=\"column-1\">8 au 27 ao\u00fbt<\/td><td class=\"column-2\">Catane &ndash; Corfou<\/td><td class=\"column-3\">A d\u00e9tailler<\/td><td class=\"column-4\">Places disponibles<\/td>\n<\/tr>\n<tr class=\"row-12 even\">\n\t<td class=\"column-1\">28 ao\u00fbt &ndash; 23 septembre<\/td><td class=\"column-2\">Corfou &ndash; Mykonos<\/td><td class=\"column-3\">A d\u00e9tailler<\/td><td class=\"column-4\">Places disponibles<\/td>\n<\/tr>\n<\/tbody>\n<\/table>\n<!-- #tablepress-2 from cache -->\n","protected":false},"excerpt":{"rendered":"<p>Nous rentrons \u00e0 Faro le 21 f\u00e9vrier pour pr\u00e9parer le bateau avant sa mise \u00e0 l&rsquo;eau pr\u00e9vue d\u00e9but mars. Il<\/p>\n","protected":false},"author":3,"featured_media":453,"comment_status":"open","ping_status":"open","sticky":false,"template":"","format":"standard","meta":{"footnotes":""},"categories":[1],"tags":[],"_links":{"self":[{"href":"http:\/\/surlesmers.fr\/wordpress\/wp-json\/wp\/v2\/posts\/444"}],"collection":[{"href":"http:\/\/surlesmers.fr\/wordpress\/wp-json\/wp\/v2\/posts"}],"about":[{"href":"http:\/\/surlesmers.fr\/wordpress\/wp-json\/wp\/v2\/types\/post"}],"author":[{"embeddable":true,"href":"http:\/\/surlesmers.fr\/wordpress\/wp-json\/wp\/v2\/users\/3"}],"replies":[{"embeddable":true,"href":"http:\/\/surlesmers.fr\/wordpress\/wp-json\/wp\/v2\/comments?post=444"}],"version-history":[{"count":6,"href":"http:\/\/surlesmers.fr\/wordpress\/wp-json\/wp\/v2\/posts\/444\/revisions"}],"predecessor-version":[{"id":1350,"href":"http:\/\/surlesmers.fr\/wordpress\/wp-json\/wp\/v2\/posts\/444\/revisions\/1350"}],"wp:featuredmedia":[{"embeddable":true,"href":"http:\/\/surlesmers.fr\/wordpress\/wp-json\/wp\/v2\/media\/453"}],"wp:attachment":[{"href":"http:\/\/surlesmers.fr\/wordpress\/wp-json\/wp\/v2\/media?parent=444"}],"wp:term":[{"taxonomy":"category","embeddable":true,"href":"http:\/\/surlesmers.fr\/wordpress\/wp-json\/wp\/v2\/categories?post=444"},{"taxonomy":"post_tag","embeddable":true,"href":"http:\/\/surlesmers.fr\/wordpress\/wp-json\/wp\/v2\/tags?post=444"}],"curies":[{"name":"wp","href":"https:\/\/api.w.org\/{rel}","templated":true}]}}