{"id":398,"date":"2018-11-15T22:00:20","date_gmt":"2018-11-15T22:00:20","guid":{"rendered":"http:\/\/surlesmers.fr\/wordpress\/?p=398"},"modified":"2019-12-03T07:52:22","modified_gmt":"2019-12-03T07:52:22","slug":"f-comme-fofo-faro-et-fly","status":"publish","type":"post","link":"http:\/\/surlesmers.fr\/wordpress\/2018\/11\/15\/f-comme-fofo-faro-et-fly\/","title":{"rendered":"F comme Fofo, Faro et Fly"},"content":{"rendered":"\n<p>Nous quittons au plus vite la marina sans \u00e2me de <strong>Vilamoura <\/strong>pour Faro qui sera notre derni\u00e8re escale de l&rsquo;ann\u00e9e. Quand nous larguons les amarres ce mercredi 7 novembre, Camille et Mathieu sont d\u00e9j\u00e0 repartis la veille sac au dos\u2009; avec Selma nous ne sommes plus que deux \u00e0 bord.<\/p>\n\n\n\n<p>Le soleil est d\u00e9j\u00e0 haut dans le ciel, une brise l\u00e9g\u00e8re nous emm\u00e8ne au travers le long de l&rsquo;immense lagune qui borde la c\u00f4te \u00e0 l&rsquo;ouest et au sud de Faro. La houle nous balance un peu, on en rigole : On a connu bien pire ! En T-shirt sur le pont on \u00e9coute Nat King Cole, le refrain <i>Quiz\u00e1s Quiz\u00e1s Quiz\u00e1s<\/i> se perd dans la douceur de l&rsquo;air marin&#8230; Selma me demande sa couette et s&rsquo;endort paisiblement pendant que le bateau poursuit sa route. Je la regarde un moment, au dessus de ses grands yeux ferm\u00e9s quelques m\u00e8ches de cheveux fr\u00e9missent au vent\u2009; je me dis qu&rsquo;elle est sacr\u00e9ment fofo ma choupette. Puis je r\u00e8gle le cap du pilote automatique et apr\u00e8s avoir balay\u00e9 l&rsquo;horizon du regard je descends surveiller le b\u0153uf aux carottes qui mijote.<\/p>\n\n\n\n<p>Quand nous arrivons au Cabo Santa Maria notre matelote \u2014 dixit Jean-Michel \u2014 est r\u00e9veill\u00e9e et nous pouvons affaler la grand-voile avant de traverser la lagune et remonter le chenal en direction d&rsquo;Olh\u00e3o. Nous jetons l&rsquo;ancre en face du petit port de p\u00eache de l&rsquo;\u00eele de Culatra. Le boeuf-carottes est d\u00e9licieux, la fin d&rsquo;apr\u00e8s-midi tranquille et le soir nous offre un magnifique coucher de soleil sur la lagune.<\/p>\n\n\n\n<figure class=\"wp-block-image\"><img loading=\"lazy\" decoding=\"async\" width=\"3843\" height=\"437\" src=\"http:\/\/surlesmers.fr\/wordpress\/wp-content\/uploads\/2018\/11\/IMG_20181114_184926_2.jpg\" alt=\"\" class=\"wp-image-438\" srcset=\"http:\/\/surlesmers.fr\/wordpress\/wp-content\/uploads\/2018\/11\/IMG_20181114_184926_2.jpg 3843w, http:\/\/surlesmers.fr\/wordpress\/wp-content\/uploads\/2018\/11\/IMG_20181114_184926_2-300x34.jpg 300w, http:\/\/surlesmers.fr\/wordpress\/wp-content\/uploads\/2018\/11\/IMG_20181114_184926_2-768x87.jpg 768w, http:\/\/surlesmers.fr\/wordpress\/wp-content\/uploads\/2018\/11\/IMG_20181114_184926_2-1024x116.jpg 1024w\" sizes=\"(max-width: 3843px) 100vw, 3843px\" \/><\/figure>\n\n\n\n<p>Apr\u00e8s une nuit paisible le lendemain nous n&rsquo;avons plus qu&rsquo;\u00e0 suivre au moteur le chenal dans les marais peupl\u00e9s d&rsquo;oiseaux jusqu&rsquo;\u00e0 la bou\u00e9e num\u00e9ro 23, juste en face du minuscule port de <strong>Faro<\/strong>. Ce n&rsquo;est pas l\u00e0 que nous allons : Pour y acc\u00e9der les bateaux doivent passer sous la voie ferr\u00e9e, \u00e0 peine s&rsquo;il y a 3 m\u00e8tres de tirant d&rsquo;air \u00e0 mar\u00e9e basse&#8230; Il en faut au moins 17 pour Coromandel ! En revanche il y a un chantier d&rsquo;hivernage juste \u00e0 c\u00f4t\u00e9, accessible \u00e0 mar\u00e9e haute via un \u00e9troit chenal dragu\u00e9 tout expr\u00e8s. Vers 14h un gars sur une barque verte vient nous chercher, c&rsquo;est Bruce le patron du chantier qui nous conduit jusqu&rsquo;\u00e0 la grue. On nous sort de l&rsquo;eau s\u00e9ance tenante, et le temps d&rsquo;un coup de Karcher sur la coque notre bateau est amen\u00e9 \u00e0 l&#8217;emplacement o\u00f9, pos\u00e9 sur des bers, il restera une bonne partie de l&rsquo;hiver.<\/p>\n\n\n\n<p>La semaine qui suit notre arriv\u00e9e est pass\u00e9e \u00e0 ranger, nettoyer, frotter, frotter encore les boiseries du pont pour les d\u00e9barrasser des moisissures, envoyer le g\u00e9nois \u00e0 la voilerie, ranger la trinquette, et dresser la longue liste des petits travaux \u00e0 faire cet hiver&#8230; Pour mieux repartir l&rsquo;ann\u00e9e prochaine \ud83d\ude42<\/p>\n\n\n\n<p>Le jeudi 15 novembre nous quittons Faro pour regagner nos p\u00e9nates par la voie des airs. Time has come to leave the boat for a while, now let&rsquo;s fly !<\/p>\n","protected":false},"excerpt":{"rendered":"<p>Nous quittons au plus vite la marina sans \u00e2me de Vilamoura pour Faro qui sera notre derni\u00e8re escale de l&rsquo;ann\u00e9e.<\/p>\n","protected":false},"author":3,"featured_media":437,"comment_status":"open","ping_status":"open","sticky":false,"template":"","format":"standard","meta":{"footnotes":""},"categories":[1],"tags":[],"_links":{"self":[{"href":"http:\/\/surlesmers.fr\/wordpress\/wp-json\/wp\/v2\/posts\/398"}],"collection":[{"href":"http:\/\/surlesmers.fr\/wordpress\/wp-json\/wp\/v2\/posts"}],"about":[{"href":"http:\/\/surlesmers.fr\/wordpress\/wp-json\/wp\/v2\/types\/post"}],"author":[{"embeddable":true,"href":"http:\/\/surlesmers.fr\/wordpress\/wp-json\/wp\/v2\/users\/3"}],"replies":[{"embeddable":true,"href":"http:\/\/surlesmers.fr\/wordpress\/wp-json\/wp\/v2\/comments?post=398"}],"version-history":[{"count":10,"href":"http:\/\/surlesmers.fr\/wordpress\/wp-json\/wp\/v2\/posts\/398\/revisions"}],"predecessor-version":[{"id":1353,"href":"http:\/\/surlesmers.fr\/wordpress\/wp-json\/wp\/v2\/posts\/398\/revisions\/1353"}],"wp:featuredmedia":[{"embeddable":true,"href":"http:\/\/surlesmers.fr\/wordpress\/wp-json\/wp\/v2\/media\/437"}],"wp:attachment":[{"href":"http:\/\/surlesmers.fr\/wordpress\/wp-json\/wp\/v2\/media?parent=398"}],"wp:term":[{"taxonomy":"category","embeddable":true,"href":"http:\/\/surlesmers.fr\/wordpress\/wp-json\/wp\/v2\/categories?post=398"},{"taxonomy":"post_tag","embeddable":true,"href":"http:\/\/surlesmers.fr\/wordpress\/wp-json\/wp\/v2\/tags?post=398"}],"curies":[{"name":"wp","href":"https:\/\/api.w.org\/{rel}","templated":true}]}}