{"id":381,"date":"2018-11-02T22:00:05","date_gmt":"2018-11-02T22:00:05","guid":{"rendered":"http:\/\/surlesmers.fr\/wordpress\/?p=381"},"modified":"2019-12-03T13:06:26","modified_gmt":"2019-12-03T13:06:26","slug":"de-sines-a-sagres","status":"publish","type":"post","link":"http:\/\/surlesmers.fr\/wordpress\/2018\/11\/02\/de-sines-a-sagres\/","title":{"rendered":"De Sines \u00e0 Sagres"},"content":{"rendered":"\n<p>Comme pour la plupart des marins en route vers le sud, <strong>Sines <\/strong>est notre derni\u00e8re escale avant le Cap Saint-Vincent \u00e0 la pointe sud-ouest du Portugal : Sur les 100 km de c\u00f4te qui nous en s\u00e9parent il n&rsquo;y a pas un seul abri digne de ce nom pour un bateau comme Coromandel. Nous attendons donc bien sagement une m\u00e9t\u00e9o qui nous permette de franchir le cap et d&rsquo;aller jusqu&rsquo;\u00e0 <strong>Sagres <\/strong>o\u00f9 se trouve un mouillage bien abrit\u00e9.<\/p>\n\n\n\n<p>Sines n&rsquo;a rien de touristique mais s&rsquo;av\u00e8re \u00eatre une bourgade bien sympathique. En vrac on y trouve <a href=\"https:\/\/www.facebook.com\/pastelaria.veladouro\/\" target=\"_blank\" rel=\"noopener noreferrer\">une p\u00e2tisserie<\/a> o\u00f9 l&rsquo;on confectionne de d\u00e9licieuses tartes aux amandes et \u00e0 la confiture de courge, <a href=\"https:\/\/www.facebook.com\/sacarrabos\/\" target=\"_blank\" rel=\"noopener noreferrer\">un bar<\/a> dont le patron brasse ses propres bi\u00e8res, ou encore <a href=\"https:\/\/www.facebook.com\/AdegaDeSines\/\" target=\"_blank\" rel=\"noopener noreferrer\">une auberge<\/a> qui sert sans chichi et pour quelques pi\u00e8ces des petits plats mijot\u00e9s, des grillades de viande et de poisson, sans oublier \u2014 pour le plus grand bonheur de Giusi \u2014 d&rsquo;excellents desserts portugais comme le Molotof, une sorte de pudding aux blancs d\u2019\u0153uf.<\/p>\n\n\n\n<p>A Sines il y a aussi une ancienne gare d\u00e9saffect\u00e9e des ann\u00e9es 30, pas banale voire carr\u00e9ment insolite avec son toit \u00e0 pointes et ses murs recouverts de fresques&#8230; Enfin la veille de notre d\u00e9part nous avons la chance de voir arriver au port un vieux bateau \u00e0 voiles de 40 m\u00e8tres, le <a href=\"https:\/\/fr.wikipedia.org\/wiki\/Eye_of_the_Wind\" target=\"_blank\" rel=\"noopener noreferrer\">Eye of the Wind<\/a>, qui accoste au bout de notre ponton. Nous discutons un peu avec l&rsquo;\u00e9quipage, ils sont en partance pour les Cara\u00efbes&#8230; Leur gr\u00e9ement compte pas moins d&rsquo;une douzaine de voiles, leur cuisine est aussi grande que notre carr\u00e9, avec un vrai cuistot de m\u00e9tier qui pr\u00e9pare les repas et sonne la cloche quand la table est servie !<\/p>\n\n\n\n<figure class=\"wp-block-gallery columns-2 is-cropped wp-block-gallery-1 is-layout-flex wp-block-gallery-is-layout-flex\"><ul class=\"blocks-gallery-grid\"><li class=\"blocks-gallery-item\"><figure><img loading=\"lazy\" decoding=\"async\" width=\"1683\" height=\"1248\" src=\"http:\/\/surlesmers.fr\/wordpress\/wp-content\/uploads\/2018\/11\/IMG_20181031_133936_2-1683x12482.jpg\" alt=\"\" data-id=\"388\" class=\"wp-image-388\" srcset=\"http:\/\/surlesmers.fr\/wordpress\/wp-content\/uploads\/2018\/11\/IMG_20181031_133936_2-1683x12482.jpg 1683w, http:\/\/surlesmers.fr\/wordpress\/wp-content\/uploads\/2018\/11\/IMG_20181031_133936_2-1683x12482-300x222.jpg 300w, http:\/\/surlesmers.fr\/wordpress\/wp-content\/uploads\/2018\/11\/IMG_20181031_133936_2-1683x12482-768x569.jpg 768w, http:\/\/surlesmers.fr\/wordpress\/wp-content\/uploads\/2018\/11\/IMG_20181031_133936_2-1683x12482-1024x759.jpg 1024w\" sizes=\"(max-width: 1683px) 100vw, 1683px\" \/><\/figure><\/li><li class=\"blocks-gallery-item\"><figure><img loading=\"lazy\" decoding=\"async\" width=\"1683\" height=\"1248\" src=\"http:\/\/surlesmers.fr\/wordpress\/wp-content\/uploads\/2018\/11\/IMG_20181031_171656_6-1683x12482.jpg\" alt=\"\" data-id=\"387\" class=\"wp-image-387\" srcset=\"http:\/\/surlesmers.fr\/wordpress\/wp-content\/uploads\/2018\/11\/IMG_20181031_171656_6-1683x12482.jpg 1683w, http:\/\/surlesmers.fr\/wordpress\/wp-content\/uploads\/2018\/11\/IMG_20181031_171656_6-1683x12482-300x222.jpg 300w, http:\/\/surlesmers.fr\/wordpress\/wp-content\/uploads\/2018\/11\/IMG_20181031_171656_6-1683x12482-768x569.jpg 768w, http:\/\/surlesmers.fr\/wordpress\/wp-content\/uploads\/2018\/11\/IMG_20181031_171656_6-1683x12482-1024x759.jpg 1024w\" sizes=\"(max-width: 1683px) 100vw, 1683px\" \/><\/figure><\/li><\/ul><\/figure>\n\n\n\n<p>Quand nous quittons Sines le jeudi 1er novembre au matin nous ne sommes plus que 4 car Giusi et Jean-Michel repartent de leur c\u00f4t\u00e9 : Apr\u00e8s 2 mois pass\u00e9s en leur compagnie c&rsquo;est avec une r\u00e9elle tristesse que nous les voyons rester sur le quai \ud83d\ude41 Pour parfaire ce d\u00e9but de journ\u00e9e d\u00e9j\u00e0 un peu morose le vent \u2014 pourtant annonc\u00e9 \u2014 manque et nous devons naviguer au moteur dans une mer creus\u00e9e par la houle&#8230; Haut les c\u0153urs ! Aux derni\u00e8res lueurs du jour nous voyons le cap se rapprocher et quand nous le franchissons la nuit est d\u00e9j\u00e0 tomb\u00e9e. Du haut des falaises le phare balaie l&rsquo;horizon de sa puissante lumi\u00e8re \u2014 il porte \u00e0 plus de 30 milles de la c\u00f4te \u2014 pendant que le bateau peut enfin faire route vers l&rsquo;est, direction la M\u00e9diterran\u00e9e \ud83d\ude42<\/p>\n\n\n\n<p>Pass\u00e9 le Cap Saint-Vincent il ne faut gu\u00e8re plus d&rsquo;une heure pour rejoindre notre mouillage dans une crique au sud de Sagres et pouvoir profiter d&rsquo;une nuit plut\u00f4t calme pour nous reposer. Le lendemain matin, face \u00e0 la plage qui borde la crique nous ne r\u00e9sistons pas \u00e0 l&rsquo;envie de mettre pied \u00e0 terre&#8230; Sauf Selma bien s\u00fbr, qui dort encore. Et tant mieux pour elle, car au moment de d\u00e9barquer une vague d\u00e9ferle sur notre annexe ! Tremp\u00e9s jusqu&rsquo;\u00e0 mi-corps nous la tirons aussi vite que possible sur le sable \u00e0 l&rsquo;abri des rouleaux et nous enlevons nos fringues pour les faire s\u00e9cher&#8230; Heureusement ce bon soleil de l&rsquo;Algarve parvient \u00e0 nous r\u00e9chauffer entre deux passages de nuages et l&rsquo;on peut bient\u00f4t repartir prendre un caf\u00e9 bien m\u00e9rit\u00e9, avant de nous promener le long des hautes falaises entre Praia da Mareta, notre plage d&rsquo;infortune, et le petit port de p\u00eache de Baleeira.<\/p>\n\n\n\n<div class='mgl-masonry-container'><style>\t.mgl-masonry {\t\tdisplay: none;\t}\t#mgl-gallery-69f4898f804b7 {\t\tcolumn-count: 2;\t\tmargin: -5px;\t}\t#mgl-gallery-69f4898f804b7 .mgl-item {\t\tpadding: 5px;\t}\t#mgl-gallery-69f4898f804b7 figcaption {\t\tpadding: 5px;\t}\t@media screen and (max-width: 800px) {\t\t#mgl-gallery-69f4898f804b7 {\t\t\tcolumn-count: 2;\t\t}\t}\t@media screen and (max-width: 600px) {\t\t#mgl-gallery-69f4898f804b7 {\t\t\tcolumn-count: 1;\t\t}\t}<\/style><div id='mgl-gallery-69f4898f804b7' class='mgl-gallery mgl-masonry' style=''><figure class=\"mgl-item\">\r\n\t<div class=\"mgl-icon\">\r\n\t\t<div class=\"mgl-img-container\">\r\n\t\t\t\t\t\t\t<img loading=\"lazy\" decoding=\"async\" width=\"910\" height=\"675\" src=\"http:\/\/surlesmers.fr\/wordpress\/wp-content\/uploads\/2018\/11\/IMG_20181102_121424_1-1683x1247-1024x759.jpg\" class=\"wp-image-379\" alt=\"\" srcset=\"http:\/\/surlesmers.fr\/wordpress\/wp-content\/uploads\/2018\/11\/IMG_20181102_121424_1-1683x1247-1024x759.jpg 1024w, http:\/\/surlesmers.fr\/wordpress\/wp-content\/uploads\/2018\/11\/IMG_20181102_121424_1-1683x1247-300x222.jpg 300w, http:\/\/surlesmers.fr\/wordpress\/wp-content\/uploads\/2018\/11\/IMG_20181102_121424_1-1683x1247-768x569.jpg 768w, http:\/\/surlesmers.fr\/wordpress\/wp-content\/uploads\/2018\/11\/IMG_20181102_121424_1-1683x1247.jpg 1683w\" sizes=\"50vw\" \/>\t\t\t\t\t<\/div>\r\n\t<\/div>\r\n\t\t<figcaption class=\"mgl-caption\">\r\n\t\t\t<p>Au mouillage dans l&#039;enseada de Sagres<\/p>\r\n\t<\/figcaption>\r\n\t<\/figure>\r\n<figure class=\"mgl-item\">\r\n\t<div class=\"mgl-icon\">\r\n\t\t<div class=\"mgl-img-container\">\r\n\t\t\t\t\t\t\t<img loading=\"lazy\" decoding=\"async\" width=\"910\" height=\"675\" src=\"http:\/\/surlesmers.fr\/wordpress\/wp-content\/uploads\/2018\/11\/IMG_20181102_115255_9-1683x1248-1024x759.jpg\" class=\"wp-image-377\" alt=\"\" srcset=\"http:\/\/surlesmers.fr\/wordpress\/wp-content\/uploads\/2018\/11\/IMG_20181102_115255_9-1683x1248-1024x759.jpg 1024w, http:\/\/surlesmers.fr\/wordpress\/wp-content\/uploads\/2018\/11\/IMG_20181102_115255_9-1683x1248-300x222.jpg 300w, http:\/\/surlesmers.fr\/wordpress\/wp-content\/uploads\/2018\/11\/IMG_20181102_115255_9-1683x1248-768x569.jpg 768w, http:\/\/surlesmers.fr\/wordpress\/wp-content\/uploads\/2018\/11\/IMG_20181102_115255_9-1683x1248.jpg 1683w\" sizes=\"50vw\" \/>\t\t\t\t\t<\/div>\r\n\t<\/div>\r\n\t\t<figcaption class=\"mgl-caption\">\r\n\t\t\t<p>Mathieu et Camille<\/p>\r\n\t<\/figcaption>\r\n\t<\/figure>\r\n<\/div><\/div>\n\n\n\n<div style=\"height:20px\" aria-hidden=\"true\" class=\"wp-block-spacer\"><\/div>\n\n\n\n<figure class=\"wp-block-image\"><img loading=\"lazy\" decoding=\"async\" width=\"1684\" height=\"1247\" src=\"http:\/\/surlesmers.fr\/wordpress\/wp-content\/uploads\/2018\/11\/IMG_20181102_111323_2-1683x2269-e1541770370894.jpg\" alt=\"\" class=\"wp-image-374\" srcset=\"http:\/\/surlesmers.fr\/wordpress\/wp-content\/uploads\/2018\/11\/IMG_20181102_111323_2-1683x2269-e1541770370894.jpg 1684w, http:\/\/surlesmers.fr\/wordpress\/wp-content\/uploads\/2018\/11\/IMG_20181102_111323_2-1683x2269-e1541770370894-300x222.jpg 300w, http:\/\/surlesmers.fr\/wordpress\/wp-content\/uploads\/2018\/11\/IMG_20181102_111323_2-1683x2269-e1541770370894-768x569.jpg 768w, http:\/\/surlesmers.fr\/wordpress\/wp-content\/uploads\/2018\/11\/IMG_20181102_111323_2-1683x2269-e1541770370894-1024x758.jpg 1024w\" sizes=\"(max-width: 1684px) 100vw, 1684px\" \/><figcaption> Un p\u00eacheur qui n&rsquo;a pas peur du vide <\/figcaption><\/figure>\n","protected":false},"excerpt":{"rendered":"<p>Comme pour la plupart des marins en route vers le sud, Sines est notre derni\u00e8re escale avant le Cap Saint-Vincent<\/p>\n","protected":false},"author":3,"featured_media":362,"comment_status":"open","ping_status":"open","sticky":false,"template":"","format":"standard","meta":{"footnotes":""},"categories":[1],"tags":[],"_links":{"self":[{"href":"http:\/\/surlesmers.fr\/wordpress\/wp-json\/wp\/v2\/posts\/381"}],"collection":[{"href":"http:\/\/surlesmers.fr\/wordpress\/wp-json\/wp\/v2\/posts"}],"about":[{"href":"http:\/\/surlesmers.fr\/wordpress\/wp-json\/wp\/v2\/types\/post"}],"author":[{"embeddable":true,"href":"http:\/\/surlesmers.fr\/wordpress\/wp-json\/wp\/v2\/users\/3"}],"replies":[{"embeddable":true,"href":"http:\/\/surlesmers.fr\/wordpress\/wp-json\/wp\/v2\/comments?post=381"}],"version-history":[{"count":14,"href":"http:\/\/surlesmers.fr\/wordpress\/wp-json\/wp\/v2\/posts\/381\/revisions"}],"predecessor-version":[{"id":1355,"href":"http:\/\/surlesmers.fr\/wordpress\/wp-json\/wp\/v2\/posts\/381\/revisions\/1355"}],"wp:featuredmedia":[{"embeddable":true,"href":"http:\/\/surlesmers.fr\/wordpress\/wp-json\/wp\/v2\/media\/362"}],"wp:attachment":[{"href":"http:\/\/surlesmers.fr\/wordpress\/wp-json\/wp\/v2\/media?parent=381"}],"wp:term":[{"taxonomy":"category","embeddable":true,"href":"http:\/\/surlesmers.fr\/wordpress\/wp-json\/wp\/v2\/categories?post=381"},{"taxonomy":"post_tag","embeddable":true,"href":"http:\/\/surlesmers.fr\/wordpress\/wp-json\/wp\/v2\/tags?post=381"}],"curies":[{"name":"wp","href":"https:\/\/api.w.org\/{rel}","templated":true}]}}