{"id":288,"date":"2018-10-22T20:28:07","date_gmt":"2018-10-22T20:28:07","guid":{"rendered":"http:\/\/surlesmers.fr\/wordpress\/?p=288"},"modified":"2019-12-03T14:10:20","modified_gmt":"2019-12-03T14:10:20","slug":"zut-on-a-rate-la-messe","status":"publish","type":"post","link":"http:\/\/surlesmers.fr\/wordpress\/2018\/10\/22\/zut-on-a-rate-la-messe\/","title":{"rendered":"Zut on a rat\u00e9 la messe !"},"content":{"rendered":"\n<p>Ce dimanche 21 octobre nous quittons de bonne heure le port de <strong>Nazar\u00e9 <\/strong>o\u00f9 nous avons fait une courte halte pour la nuit, et nous mettons le cap vers Peniche, notre derni\u00e8re escale avant Lisbonne. Malheureusement le vent nous boude et c&rsquo;est avec regret que nous mettons le moteur&#8230; On s&rsquo;\u00e9tait pourtant lev\u00e9s t\u00f4t pour profiter de la petite brise annonc\u00e9e en d\u00e9but de matin\u00e9e !<\/p>\n\n\n\n<p>Mais si la m\u00e9t\u00e9o ne nous aide gu\u00e8re \u00e0 avancer, elle est en revanche parfaite pour un mouillage, et il y a justement sur notre route une petite baie qui d&rsquo;apr\u00e8s le pilote c\u00f4tier offre un bel abris dans lequel on ne peut entrer que \u00ab\u00a0par temps calme \u00e9tabli\u00a0\u00bb, exactement ce qu&rsquo;on a aujourd&rsquo;hui ! Ni une ni deux, nous mettons le cap sur <strong>Sao Martinho do Porto<\/strong> : Apr\u00e8s la Punta do Facho on peut voir l&rsquo;entr\u00e9e de la baie, une br\u00e8che large de 200m entre deux falaises rocheuses battues par le ressac.<\/p>\n\n\n\n<p>Quand nous jetons l&rsquo;ancre il est \u00e0 peine pass\u00e9 dix heures, nous sautons illico dans l&rsquo;annexe pour aller visiter le petit bourg et trouver une terrasse o\u00f9 profiter du soleil devant un caf\u00e9 et quelques p\u00e2tisseries. Une ruelle escarp\u00e9e nous conduit sur les hauteurs du village o\u00f9 nous trouvons, sur les indications d&rsquo;une passante, notre Saint-Graal matinal : Une pasteleria bien achaland\u00e9e ! A l&rsquo;int\u00e9rieur les gens se pressent au comptoir, les brioches et les pains partent \u00e0 vue d&rsquo;oeil, et oh miracle dominical une table vient de se lib\u00e9rer en terrasse \ud83d\ude42<\/p>\n\n\n\n<p>Sur le chemin du retour nous passons par l&rsquo;\u00e9glise o\u00f9 l&rsquo;on entend chanter : Trop tard pour le salut de nos \u00e2mes, on a rat\u00e9 la messe ! C&rsquo;est qu&rsquo;on a pr\u00e9f\u00e9r\u00e9 prendre un deuxi\u00e8me petit-d\u00e9jeuner&#8230;<\/p>\n\n\n\n<div class='mgl-masonry-container'><style>\t.mgl-masonry {\t\tdisplay: none;\t}\t#mgl-gallery-69f4899026335 {\t\tcolumn-count: 2;\t\tmargin: -5px;\t}\t#mgl-gallery-69f4899026335 .mgl-item {\t\tpadding: 5px;\t}\t#mgl-gallery-69f4899026335 figcaption {\t\tpadding: 5px;\t}\t@media screen and (max-width: 800px) {\t\t#mgl-gallery-69f4899026335 {\t\t\tcolumn-count: 2;\t\t}\t}\t@media screen and (max-width: 600px) {\t\t#mgl-gallery-69f4899026335 {\t\t\tcolumn-count: 1;\t\t}\t}<\/style><div id='mgl-gallery-69f4899026335' class='mgl-gallery mgl-masonry' style=''><figure class=\"mgl-item\">\r\n\t<div class=\"mgl-icon\">\r\n\t\t<div class=\"mgl-img-container\">\r\n\t\t\t\t\t\t\t<img loading=\"lazy\" decoding=\"async\" width=\"910\" height=\"673\" src=\"http:\/\/surlesmers.fr\/wordpress\/wp-content\/uploads\/2018\/10\/BLG-IMG_20181021_122541_8-e1540238487269-1024x757.jpg\" class=\"wp-image-291\" alt=\"\" srcset=\"http:\/\/surlesmers.fr\/wordpress\/wp-content\/uploads\/2018\/10\/BLG-IMG_20181021_122541_8-e1540238487269-1024x757.jpg 1024w, http:\/\/surlesmers.fr\/wordpress\/wp-content\/uploads\/2018\/10\/BLG-IMG_20181021_122541_8-e1540238487269-300x222.jpg 300w, http:\/\/surlesmers.fr\/wordpress\/wp-content\/uploads\/2018\/10\/BLG-IMG_20181021_122541_8-e1540238487269-768x568.jpg 768w, http:\/\/surlesmers.fr\/wordpress\/wp-content\/uploads\/2018\/10\/BLG-IMG_20181021_122541_8-e1540238487269.jpg 1218w\" sizes=\"50vw\" \/>\t\t\t\t\t<\/div>\r\n\t<\/div>\r\n\t<\/figure>\r\n<figure class=\"mgl-item\">\r\n\t<div class=\"mgl-icon\">\r\n\t\t<div class=\"mgl-img-container\">\r\n\t\t\t\t\t\t\t<img loading=\"lazy\" decoding=\"async\" width=\"910\" height=\"675\" src=\"http:\/\/surlesmers.fr\/wordpress\/wp-content\/uploads\/2018\/10\/BLG-IMG_20181021_130531_5-1024x759.jpg\" class=\"wp-image-293\" alt=\"\" srcset=\"http:\/\/surlesmers.fr\/wordpress\/wp-content\/uploads\/2018\/10\/BLG-IMG_20181021_130531_5-1024x759.jpg 1024w, http:\/\/surlesmers.fr\/wordpress\/wp-content\/uploads\/2018\/10\/BLG-IMG_20181021_130531_5-300x222.jpg 300w, http:\/\/surlesmers.fr\/wordpress\/wp-content\/uploads\/2018\/10\/BLG-IMG_20181021_130531_5-768x569.jpg 768w, http:\/\/surlesmers.fr\/wordpress\/wp-content\/uploads\/2018\/10\/BLG-IMG_20181021_130531_5.jpg 1457w\" sizes=\"50vw\" \/>\t\t\t\t\t<\/div>\r\n\t<\/div>\r\n\t<\/figure>\r\n<\/div><\/div>\n\n\n\n<p>Apr\u00e8s une belle soir\u00e9e pass\u00e9e sur le pont du bateau \u00e0 picorer nos tapas devant les lumi\u00e8res de la baie, la nuit est tr\u00e8s calme et le jour se l\u00e8ve sur un ciel enti\u00e8rement d\u00e9gag\u00e9. On ne r\u00e9siste pas \u00e0 l&rsquo;appel de la pastelaria, au petit matin on pousse l&rsquo;annexe, on remonte la ruelle&#8230; Mais nous sommes lundi et tout est ferm\u00e9 !<\/p>\n\n\n\n<figure class=\"wp-block-image\"><img loading=\"lazy\" decoding=\"async\" width=\"1807\" height=\"1080\" src=\"http:\/\/surlesmers.fr\/wordpress\/wp-content\/uploads\/2018\/10\/BLG-PA220349.jpg\" alt=\"\" class=\"wp-image-296\" srcset=\"http:\/\/surlesmers.fr\/wordpress\/wp-content\/uploads\/2018\/10\/BLG-PA220349.jpg 1807w, http:\/\/surlesmers.fr\/wordpress\/wp-content\/uploads\/2018\/10\/BLG-PA220349-300x179.jpg 300w, http:\/\/surlesmers.fr\/wordpress\/wp-content\/uploads\/2018\/10\/BLG-PA220349-768x459.jpg 768w, http:\/\/surlesmers.fr\/wordpress\/wp-content\/uploads\/2018\/10\/BLG-PA220349-1024x612.jpg 1024w\" sizes=\"(max-width: 1807px) 100vw, 1807px\" \/><figcaption> L&rsquo;entr\u00e9e de la baie, vue depuis l&rsquo;annexe le lundi en d\u00e9but de matin\u00e9e <\/figcaption><\/figure>\n\n\n\n<p>Ce n&rsquo;est qu&rsquo;apr\u00e8s avoir quitt\u00e9 Sao Martinho do Porto que nous prenons le temps de nous int\u00e9resser \u00e0 son histoire : La baie jadis plus grande et plus profonde, abritait un important port de commerce dans lequel on construisait les caravelles portugaises parties conqu\u00e9rir le vaste monde. Au fil des si\u00e8cles la baie s&rsquo;est envas\u00e9e, ensabl\u00e9e, le site a \u00e9t\u00e9 progressivement abandonn\u00e9, et de nos jours les p\u00eacheurs de la r\u00e9gion amarrent leurs bateaux dans les ports de Peniche et de Nazar\u00e9.<\/p>\n","protected":false},"excerpt":{"rendered":"<p>Ce dimanche 21 octobre nous quittons de bonne heure le port de Nazar\u00e9 o\u00f9 nous avons fait une courte halte<\/p>\n","protected":false},"author":3,"featured_media":294,"comment_status":"open","ping_status":"open","sticky":false,"template":"","format":"standard","meta":{"footnotes":""},"categories":[1],"tags":[],"_links":{"self":[{"href":"http:\/\/surlesmers.fr\/wordpress\/wp-json\/wp\/v2\/posts\/288"}],"collection":[{"href":"http:\/\/surlesmers.fr\/wordpress\/wp-json\/wp\/v2\/posts"}],"about":[{"href":"http:\/\/surlesmers.fr\/wordpress\/wp-json\/wp\/v2\/types\/post"}],"author":[{"embeddable":true,"href":"http:\/\/surlesmers.fr\/wordpress\/wp-json\/wp\/v2\/users\/3"}],"replies":[{"embeddable":true,"href":"http:\/\/surlesmers.fr\/wordpress\/wp-json\/wp\/v2\/comments?post=288"}],"version-history":[{"count":10,"href":"http:\/\/surlesmers.fr\/wordpress\/wp-json\/wp\/v2\/posts\/288\/revisions"}],"predecessor-version":[{"id":1370,"href":"http:\/\/surlesmers.fr\/wordpress\/wp-json\/wp\/v2\/posts\/288\/revisions\/1370"}],"wp:featuredmedia":[{"embeddable":true,"href":"http:\/\/surlesmers.fr\/wordpress\/wp-json\/wp\/v2\/media\/294"}],"wp:attachment":[{"href":"http:\/\/surlesmers.fr\/wordpress\/wp-json\/wp\/v2\/media?parent=288"}],"wp:term":[{"taxonomy":"category","embeddable":true,"href":"http:\/\/surlesmers.fr\/wordpress\/wp-json\/wp\/v2\/categories?post=288"},{"taxonomy":"post_tag","embeddable":true,"href":"http:\/\/surlesmers.fr\/wordpress\/wp-json\/wp\/v2\/tags?post=288"}],"curies":[{"name":"wp","href":"https:\/\/api.w.org\/{rel}","templated":true}]}}