{"id":277,"date":"2018-10-19T22:00:27","date_gmt":"2018-10-19T22:00:27","guid":{"rendered":"http:\/\/surlesmers.fr\/wordpress\/?p=277"},"modified":"2019-12-03T14:14:50","modified_gmt":"2019-12-03T14:14:50","slug":"coimbra-un-peu-dhistoire","status":"publish","type":"post","link":"http:\/\/surlesmers.fr\/wordpress\/2018\/10\/19\/coimbra-un-peu-dhistoire\/","title":{"rendered":"Coimbra, un peu d&rsquo;Histoire"},"content":{"rendered":"\n<p>Ce vendredi 19 octobre, pas de bateau : Pour remonter le fleuve Mondego, nous prenons le train depuis <strong>Figueira da Foz<\/strong>, direction\u00a0Coimbra ! C&rsquo;est dans cette vieille ville, successivement romaine puis arabe, que sont n\u00e9s les premiers rois du Portugal, descendants des ducs de Bourgogne.\u00a0Au sommet de sa colline la cit\u00e9 porte comme un flambeau une universit\u00e9 dont les lumi\u00e8res brillaient d\u00e9j\u00e0 en plein obscurantisme m\u00e9di\u00e9val. Toujours active, elle compte aujourd&rsquo;hui quelques 25000 \u00e9tudiants de tous pays et toutes disciplines, et abrite dans ses murs des tr\u00e9sors de connaissance comme la <a href=\"https:\/\/fr.wikipedia.org\/wiki\/Biblioth%C3%A8que_Joanina\" target=\"_blank\" rel=\"noreferrer noopener\" aria-label=\" (s\u2019ouvre dans un nouvel onglet)\">Biblioth\u00e8que Joanina<\/a> ou les galeries de son <a href=\"http:\/\/www.museudaciencia.org\/\" target=\"_blank\" rel=\"noreferrer noopener\" aria-label=\" (s\u2019ouvre dans un nouvel onglet)\">mus\u00e9e des sciences<\/a>.<\/p>\n\n\n\n<p><strong>Coimbra <\/strong>est une ville tr\u00e8s agr\u00e9able avec ses \u00e9troites ruelles color\u00e9es, son grand jardin botanique et sa promenade au bord du fleuve. Il n&rsquo;est s\u00fbrement pas d\u00e9plaisant d&rsquo;y rester quelques ann\u00e9es pour \u00e9tudier !<\/p>\n\n\n\n<p>Parmi les monuments de la ville, la S\u00e9 Velha est sans doute la plus embl\u00e9matique puisque sa construction fut command\u00e9e par le tout premier roi du Portugal, peu de temps apr\u00e8s sa victoire contre les Maures et la naissance du pays.<\/p>\n\n\n\n<div class='mgl-tiles-container'><style>\r\n\r\n\t.mgl-tiles {\r\n\t\tdisplay: none;\r\n\t}\r\n\r\n\t#mgl-gallery-69f48b550afae {\r\n\t\tmargin: -5px;\r\n\t\twidth: calc(100% + 10px);\r\n\t}\r\n\r\n\t#mgl-gallery-69f48b550afae .mgl-box {\r\n\t\tpadding: 5px;\r\n\t}\r\n\r\n\t@media screen and (max-width: 600px) {\r\n\t\t#mgl-gallery-69f48b550afae .mgl-row {\r\n\t\t\theight: 100px;\r\n\t\t}\r\n\r\n\t\t#mgl-gallery-69f48b550afae figcaption {\r\n\t\t\tdisplay: none;\r\n\t\t}\r\n\t}\r\n\r\n<\/style>\r\n<div id='mgl-gallery-69f48b550afae' class='mgl-gallery mgl-tiles' style=''><div class=\"mgl-row mgl-layout-2-io\" data-tiles-layout=\"io\"><div class=\"mgl-box a\"><figure class=\"mgl-item\">\r\n\t<div class=\"mgl-icon\">\r\n\t\t<div class=\"mgl-img-container\">\r\n\t\t\t\t\t\t\t<img loading=\"lazy\" decoding=\"async\" width=\"768\" height=\"1024\" src=\"http:\/\/surlesmers.fr\/wordpress\/wp-content\/uploads\/2018\/10\/BLG-PA190379-768x1024.jpg\" class=\"wp-image-254\" alt=\"\" srcset=\"http:\/\/surlesmers.fr\/wordpress\/wp-content\/uploads\/2018\/10\/BLG-PA190379-768x1024.jpg 768w, http:\/\/surlesmers.fr\/wordpress\/wp-content\/uploads\/2018\/10\/BLG-PA190379-225x300.jpg 225w, http:\/\/surlesmers.fr\/wordpress\/wp-content\/uploads\/2018\/10\/BLG-PA190379.jpg 810w\" sizes=\"50vw\" \/>\t\t\t\t\t<\/div>\r\n\t<\/div>\r\n\t<\/figure>\r\n<\/div><div class=\"mgl-box b\"><figure class=\"mgl-item\">\r\n\t<div class=\"mgl-icon\">\r\n\t\t<div class=\"mgl-img-container\">\r\n\t\t\t\t\t\t\t<img loading=\"lazy\" decoding=\"async\" width=\"910\" height=\"683\" src=\"http:\/\/surlesmers.fr\/wordpress\/wp-content\/uploads\/2018\/10\/BLG-PA190371-1024x768.jpg\" class=\"wp-image-253\" alt=\"\" srcset=\"http:\/\/surlesmers.fr\/wordpress\/wp-content\/uploads\/2018\/10\/BLG-PA190371-1024x768.jpg 1024w, http:\/\/surlesmers.fr\/wordpress\/wp-content\/uploads\/2018\/10\/BLG-PA190371-300x225.jpg 300w, http:\/\/surlesmers.fr\/wordpress\/wp-content\/uploads\/2018\/10\/BLG-PA190371-768x576.jpg 768w, http:\/\/surlesmers.fr\/wordpress\/wp-content\/uploads\/2018\/10\/BLG-PA190371-600x450.jpg 600w, http:\/\/surlesmers.fr\/wordpress\/wp-content\/uploads\/2018\/10\/BLG-PA190371.jpg 1440w\" sizes=\"50vw\" \/>\t\t\t\t\t<\/div>\r\n\t<\/div>\r\n\t<\/figure>\r\n<\/div><\/div><\/div><\/div>\n","protected":false},"excerpt":{"rendered":"<p>Ce vendredi 19 octobre, pas de bateau : Pour remonter le fleuve Mondego, nous prenons le train depuis Figueira da<\/p>\n","protected":false},"author":3,"featured_media":252,"comment_status":"open","ping_status":"open","sticky":false,"template":"","format":"standard","meta":{"footnotes":""},"categories":[1],"tags":[],"_links":{"self":[{"href":"http:\/\/surlesmers.fr\/wordpress\/wp-json\/wp\/v2\/posts\/277"}],"collection":[{"href":"http:\/\/surlesmers.fr\/wordpress\/wp-json\/wp\/v2\/posts"}],"about":[{"href":"http:\/\/surlesmers.fr\/wordpress\/wp-json\/wp\/v2\/types\/post"}],"author":[{"embeddable":true,"href":"http:\/\/surlesmers.fr\/wordpress\/wp-json\/wp\/v2\/users\/3"}],"replies":[{"embeddable":true,"href":"http:\/\/surlesmers.fr\/wordpress\/wp-json\/wp\/v2\/comments?post=277"}],"version-history":[{"count":12,"href":"http:\/\/surlesmers.fr\/wordpress\/wp-json\/wp\/v2\/posts\/277\/revisions"}],"predecessor-version":[{"id":1373,"href":"http:\/\/surlesmers.fr\/wordpress\/wp-json\/wp\/v2\/posts\/277\/revisions\/1373"}],"wp:featuredmedia":[{"embeddable":true,"href":"http:\/\/surlesmers.fr\/wordpress\/wp-json\/wp\/v2\/media\/252"}],"wp:attachment":[{"href":"http:\/\/surlesmers.fr\/wordpress\/wp-json\/wp\/v2\/media?parent=277"}],"wp:term":[{"taxonomy":"category","embeddable":true,"href":"http:\/\/surlesmers.fr\/wordpress\/wp-json\/wp\/v2\/categories?post=277"},{"taxonomy":"post_tag","embeddable":true,"href":"http:\/\/surlesmers.fr\/wordpress\/wp-json\/wp\/v2\/tags?post=277"}],"curies":[{"name":"wp","href":"https:\/\/api.w.org\/{rel}","templated":true}]}}