{"id":233,"date":"2018-10-15T22:00:44","date_gmt":"2018-10-15T22:00:44","guid":{"rendered":"http:\/\/surlesmers.fr\/wordpress\/?p=233"},"modified":"2019-12-03T14:28:05","modified_gmt":"2019-12-03T14:28:05","slug":"galeres-de-mi-octobre","status":"publish","type":"post","link":"http:\/\/surlesmers.fr\/wordpress\/2018\/10\/15\/galeres-de-mi-octobre\/","title":{"rendered":"Gal\u00e8res de mi-octobre"},"content":{"rendered":"\n<p>Du 12 au 15 octobre la m\u00e9t\u00e9o se complique et nous avons bien du mal \u00e0 poursuivre notre route vers le Portugal. Apr\u00e8s avoir quitt\u00e9 <strong>Combarro <\/strong>nous ne ne sommes m\u00eame pas encore sortis de la ria (estuaire) de Pontevedra qu&rsquo;un vent du sud nous exp\u00e9die des rafales \u00e0 30 n\u0153uds charg\u00e9es de pluie&#8230; Nous d\u00e9cidons illico de mettre le cap sur le petit port de <strong>Beluso<\/strong>, bien \u00e0 l&rsquo;abri derri\u00e8re une cha\u00eene de collines. Nous repartons 2 heures plus tard en esp\u00e9rant pouvoir franchir, malgr\u00e9 le coup de vent, les quelques milles expos\u00e9s qui s\u00e9parent notre ria de la suivante, la ria de Vigo. Peine perdue, quand nous sommes au large de la Punta Couso le bateau peine \u00e0 avancer au pr\u00e8s dans des vagues de plus de 4 m\u00e8tres et des rafales \u00e0 40 n\u0153uds, au tout premier virement de bord nous comprenons qu&rsquo;il n&rsquo;est pas tr\u00e8s s\u00e9rieux d&rsquo;essayer de tenir t\u00eate \u00e0 la mer dans ces conditions et nous rebroussons chemin.<\/p>\n\n\n\n<figure class=\"wp-block-image\"><img loading=\"lazy\" decoding=\"async\" width=\"1862\" height=\"1080\" src=\"http:\/\/surlesmers.fr\/wordpress\/wp-content\/uploads\/2018\/10\/BLG-PA120347.jpg\" alt=\"\" class=\"wp-image-234\" srcset=\"http:\/\/surlesmers.fr\/wordpress\/wp-content\/uploads\/2018\/10\/BLG-PA120347.jpg 1862w, http:\/\/surlesmers.fr\/wordpress\/wp-content\/uploads\/2018\/10\/BLG-PA120347-300x174.jpg 300w, http:\/\/surlesmers.fr\/wordpress\/wp-content\/uploads\/2018\/10\/BLG-PA120347-768x445.jpg 768w, http:\/\/surlesmers.fr\/wordpress\/wp-content\/uploads\/2018\/10\/BLG-PA120347-1024x594.jpg 1024w\" sizes=\"(max-width: 1862px) 100vw, 1862px\" \/><\/figure>\n\n\n\n<p>Le samedi matin nos sources m\u00e9t\u00e9o sont assez peu coh\u00e9rentes, les mod\u00e8les semblent avoir du mal \u00e0 s&rsquo;accorder sur les pr\u00e9visions. Vu de notre abri le temps nous semble tout de m\u00eame plus sympathique et nous d\u00e9cidons de repartir en milieu de journ\u00e9e pour <strong>Vigo<\/strong>. Effectivement, apr\u00e8s la Punta Couso le bateau remonte au vent \u00e0 presque 7 n\u0153uds dans une mer beaucoup moins forte, en moins de 2 heures nous sommes en vue de Vigo et nous pouvons prendre le temps d&rsquo;aller mouiller aux <strong>\u00eeles Cies<\/strong> le temps du go\u00fbter avant de mettre le cap sur la ville.<\/p>\n\n\n\n<div class='mgl-masonry-container'><style>\t.mgl-masonry {\t\tdisplay: none;\t}\t#mgl-gallery-69f48b26ea502 {\t\tcolumn-count: 2;\t\tmargin: -5px;\t}\t#mgl-gallery-69f48b26ea502 .mgl-item {\t\tpadding: 5px;\t}\t#mgl-gallery-69f48b26ea502 figcaption {\t\tpadding: 5px;\t}\t@media screen and (max-width: 800px) {\t\t#mgl-gallery-69f48b26ea502 {\t\t\tcolumn-count: 2;\t\t}\t}\t@media screen and (max-width: 600px) {\t\t#mgl-gallery-69f48b26ea502 {\t\t\tcolumn-count: 1;\t\t}\t}<\/style><div id='mgl-gallery-69f48b26ea502' class='mgl-gallery mgl-masonry' style=''><figure class=\"mgl-item\">\r\n\t<div class=\"mgl-icon\">\r\n\t\t<div class=\"mgl-img-container\">\r\n\t\t\t\t\t\t\t<img loading=\"lazy\" decoding=\"async\" width=\"910\" height=\"683\" src=\"http:\/\/surlesmers.fr\/wordpress\/wp-content\/uploads\/2018\/10\/BLG-PA130418-1024x768.jpg\" class=\"wp-image-240\" alt=\"\" srcset=\"http:\/\/surlesmers.fr\/wordpress\/wp-content\/uploads\/2018\/10\/BLG-PA130418-1024x768.jpg 1024w, http:\/\/surlesmers.fr\/wordpress\/wp-content\/uploads\/2018\/10\/BLG-PA130418-300x225.jpg 300w, http:\/\/surlesmers.fr\/wordpress\/wp-content\/uploads\/2018\/10\/BLG-PA130418-768x576.jpg 768w, http:\/\/surlesmers.fr\/wordpress\/wp-content\/uploads\/2018\/10\/BLG-PA130418-600x450.jpg 600w, http:\/\/surlesmers.fr\/wordpress\/wp-content\/uploads\/2018\/10\/BLG-PA130418.jpg 1440w\" sizes=\"50vw\" \/>\t\t\t\t\t<\/div>\r\n\t<\/div>\r\n\t<\/figure>\r\n<figure class=\"mgl-item\">\r\n\t<div class=\"mgl-icon\">\r\n\t\t<div class=\"mgl-img-container\">\r\n\t\t\t\t\t\t\t<img loading=\"lazy\" decoding=\"async\" width=\"910\" height=\"683\" src=\"http:\/\/surlesmers.fr\/wordpress\/wp-content\/uploads\/2018\/10\/BLG-PA130395-1024x768.jpg\" class=\"wp-image-238\" alt=\"\" srcset=\"http:\/\/surlesmers.fr\/wordpress\/wp-content\/uploads\/2018\/10\/BLG-PA130395-1024x768.jpg 1024w, http:\/\/surlesmers.fr\/wordpress\/wp-content\/uploads\/2018\/10\/BLG-PA130395-300x225.jpg 300w, http:\/\/surlesmers.fr\/wordpress\/wp-content\/uploads\/2018\/10\/BLG-PA130395-768x576.jpg 768w, http:\/\/surlesmers.fr\/wordpress\/wp-content\/uploads\/2018\/10\/BLG-PA130395-600x450.jpg 600w, http:\/\/surlesmers.fr\/wordpress\/wp-content\/uploads\/2018\/10\/BLG-PA130395.jpg 1440w\" sizes=\"50vw\" \/>\t\t\t\t\t<\/div>\r\n\t<\/div>\r\n\t<\/figure>\r\n<\/div><\/div>\n\n\n\n<p>La balade est trop courte et nous regrettons de ne pouvoir passer plus longtemps \u00e0 visiter ce magnifique archipel ! D&rsquo;autant plus que Vigo nous accueille sous la pluie dans une marina coinc\u00e9e en face d&rsquo;un centre commercial bard\u00e9 de n\u00e9ons criards&#8230; Et que nous d\u00e9couvrons que notre prise \u00e9lectrique de quai ne fonctionne plus :\/ Nous repartons d\u00e8s le lendemain matin et nous arrivons le dimanche 14 octobre, apr\u00e8s 11 heures de navigation sous un vent tr\u00e8s variable, \u00e0 <strong>Povoa de Varzim<\/strong>, notre premier port portugais. La temp\u00eate se d\u00e9cha\u00eene pendant la nuit et il faut sortir sous les rafales et la pluie battante pour r\u00e9-amarrer le bateau \u00e0 un ponton \u00e0 moiti\u00e9 d\u00e9labr\u00e9&#8230; Le lendemain nous tentons de quitter le port vers midi et nous sommes rattrap\u00e9s par la navette des sauveteurs qui nous pousse \u00e0 faire demi-tour : Malgr\u00e9 le feu vert donn\u00e9 par la capitainerie le matin m\u00eame les conditions de houle sont telles qu&rsquo;il faut attendre mar\u00e9e haute pour franchir les hauts fonds \u00e0 la sortie du port&#8230; Repartir le soir ne nous enchante gu\u00e8re, nous pr\u00e9f\u00e9rons attendre le lendemain !<\/p>\n","protected":false},"excerpt":{"rendered":"<p>Du 12 au 15 octobre la m\u00e9t\u00e9o se complique et nous avons bien du mal \u00e0 poursuivre notre route vers<\/p>\n","protected":false},"author":3,"featured_media":239,"comment_status":"open","ping_status":"open","sticky":false,"template":"","format":"standard","meta":{"footnotes":""},"categories":[1],"tags":[],"_links":{"self":[{"href":"http:\/\/surlesmers.fr\/wordpress\/wp-json\/wp\/v2\/posts\/233"}],"collection":[{"href":"http:\/\/surlesmers.fr\/wordpress\/wp-json\/wp\/v2\/posts"}],"about":[{"href":"http:\/\/surlesmers.fr\/wordpress\/wp-json\/wp\/v2\/types\/post"}],"author":[{"embeddable":true,"href":"http:\/\/surlesmers.fr\/wordpress\/wp-json\/wp\/v2\/users\/3"}],"replies":[{"embeddable":true,"href":"http:\/\/surlesmers.fr\/wordpress\/wp-json\/wp\/v2\/comments?post=233"}],"version-history":[{"count":11,"href":"http:\/\/surlesmers.fr\/wordpress\/wp-json\/wp\/v2\/posts\/233\/revisions"}],"predecessor-version":[{"id":1380,"href":"http:\/\/surlesmers.fr\/wordpress\/wp-json\/wp\/v2\/posts\/233\/revisions\/1380"}],"wp:featuredmedia":[{"embeddable":true,"href":"http:\/\/surlesmers.fr\/wordpress\/wp-json\/wp\/v2\/media\/239"}],"wp:attachment":[{"href":"http:\/\/surlesmers.fr\/wordpress\/wp-json\/wp\/v2\/media?parent=233"}],"wp:term":[{"taxonomy":"category","embeddable":true,"href":"http:\/\/surlesmers.fr\/wordpress\/wp-json\/wp\/v2\/categories?post=233"},{"taxonomy":"post_tag","embeddable":true,"href":"http:\/\/surlesmers.fr\/wordpress\/wp-json\/wp\/v2\/tags?post=233"}],"curies":[{"name":"wp","href":"https:\/\/api.w.org\/{rel}","templated":true}]}}