{"id":150,"date":"2018-09-21T23:00:35","date_gmt":"2018-09-21T23:00:35","guid":{"rendered":"http:\/\/surlesmers.fr\/wordpress\/?p=150"},"modified":"2019-12-04T06:15:08","modified_gmt":"2019-12-04T06:15:08","slug":"depart-sous-vent-frais","status":"publish","type":"post","link":"http:\/\/surlesmers.fr\/wordpress\/2018\/09\/21\/depart-sous-vent-frais\/","title":{"rendered":"D\u00e9part sous vent frais"},"content":{"rendered":"\n<p>Ce jeudi 20 septembre l&rsquo;installation des panneaux solaires est termin\u00e9e vers 11h, nous pouvons enfin d\u00e9marrer notre long p\u00e9riple vers le Portugal o\u00f9 le bateau hivernera sagement avant de repartir en M\u00e9diterran\u00e9e&#8230; Le grand voyage commence !<\/p>\n\n\n\n<p>La toute premi\u00e8re \u00e9tape nous emm\u00e8ne jusqu&rsquo;\u00e0 <strong>L\u00e9zardrieux<\/strong>, un port situ\u00e9 sur la rivi\u00e8re du Trieux au sud-ouest de Br\u00e9hat. Pour aller l\u00e0-bas un bon vent nous m\u00e8ne et nous remontons le chenal du Ferlas avec trinquette seule par 5 \u00e0 6 Beaufort ! Sur notre route nous ne manquons pas de saluer Coz Castel, cette ancienne ferme r\u00e9nov\u00e9e par les Gl\u00e9nans \u00e0 l&#8217;embouchure du Trieux.<\/p>\n\n\n\n<figure class=\"wp-block-image\"><img loading=\"lazy\" decoding=\"async\" width=\"1440\" height=\"1080\" src=\"http:\/\/surlesmers.fr\/wordpress\/wp-content\/uploads\/2018\/09\/P9200427-blog.jpg\" alt=\"\" class=\"wp-image-152\" srcset=\"http:\/\/surlesmers.fr\/wordpress\/wp-content\/uploads\/2018\/09\/P9200427-blog.jpg 1440w, http:\/\/surlesmers.fr\/wordpress\/wp-content\/uploads\/2018\/09\/P9200427-blog-300x225.jpg 300w, http:\/\/surlesmers.fr\/wordpress\/wp-content\/uploads\/2018\/09\/P9200427-blog-768x576.jpg 768w, http:\/\/surlesmers.fr\/wordpress\/wp-content\/uploads\/2018\/09\/P9200427-blog-1024x768.jpg 1024w, http:\/\/surlesmers.fr\/wordpress\/wp-content\/uploads\/2018\/09\/P9200427-blog-600x450.jpg 600w\" sizes=\"(max-width: 1440px) 100vw, 1440px\" \/><figcaption>La base des Gl\u00e9nans \u00e0 Coz Castel<\/figcaption><\/figure>\n\n\n\n<p>Le lendemain vendredi ce n&rsquo;est toujours pas le vent qui manque, c&rsquo;est le moins que l&rsquo;on puisse dire ! Partis de nuit nous contournons les H\u00e9aux de Br\u00e9hat par Beaufort 6 \u00e0 7, des vagues de 4 m\u00e8tres et des rafales \u00e0 60 km\/h, le bateau avance plut\u00f4t bien avec trinquette et 2 ris dans la grand voile, mais \u00e7a secoue au passage des vagues. Premier grand frais pour l&rsquo;\u00e9quipage qui tient bon la barre pendant 5 longues heures jusqu&rsquo;\u00e0 un providentiel mouillage \u00e0 l&rsquo;est de l&rsquo;\u00eele Tom\u00e9. Nous jetons l&rsquo;ancre et restons l\u00e0 nous reposer \u00e0 l&rsquo;abri de l&rsquo;\u00eele en attendant l&rsquo;ouverture du port de <strong>Perros Guirec<\/strong>, pendant qu&rsquo;au large des sept \u00eeles on peut voir le vent se d\u00e9cha\u00eener sur la mer \u00e9cumante : Quel contraste avec notre petit refuge improvis\u00e9 !<\/p>\n","protected":false},"excerpt":{"rendered":"<p>Ce jeudi 20 septembre l&rsquo;installation des panneaux solaires est termin\u00e9e vers 11h, nous pouvons enfin d\u00e9marrer notre long p\u00e9riple vers<\/p>\n","protected":false},"author":3,"featured_media":153,"comment_status":"open","ping_status":"open","sticky":false,"template":"","format":"standard","meta":{"footnotes":""},"categories":[1],"tags":[],"_links":{"self":[{"href":"http:\/\/surlesmers.fr\/wordpress\/wp-json\/wp\/v2\/posts\/150"}],"collection":[{"href":"http:\/\/surlesmers.fr\/wordpress\/wp-json\/wp\/v2\/posts"}],"about":[{"href":"http:\/\/surlesmers.fr\/wordpress\/wp-json\/wp\/v2\/types\/post"}],"author":[{"embeddable":true,"href":"http:\/\/surlesmers.fr\/wordpress\/wp-json\/wp\/v2\/users\/3"}],"replies":[{"embeddable":true,"href":"http:\/\/surlesmers.fr\/wordpress\/wp-json\/wp\/v2\/comments?post=150"}],"version-history":[{"count":6,"href":"http:\/\/surlesmers.fr\/wordpress\/wp-json\/wp\/v2\/posts\/150\/revisions"}],"predecessor-version":[{"id":1419,"href":"http:\/\/surlesmers.fr\/wordpress\/wp-json\/wp\/v2\/posts\/150\/revisions\/1419"}],"wp:featuredmedia":[{"embeddable":true,"href":"http:\/\/surlesmers.fr\/wordpress\/wp-json\/wp\/v2\/media\/153"}],"wp:attachment":[{"href":"http:\/\/surlesmers.fr\/wordpress\/wp-json\/wp\/v2\/media?parent=150"}],"wp:term":[{"taxonomy":"category","embeddable":true,"href":"http:\/\/surlesmers.fr\/wordpress\/wp-json\/wp\/v2\/categories?post=150"},{"taxonomy":"post_tag","embeddable":true,"href":"http:\/\/surlesmers.fr\/wordpress\/wp-json\/wp\/v2\/tags?post=150"}],"curies":[{"name":"wp","href":"https:\/\/api.w.org\/{rel}","templated":true}]}}