{"id":1466,"date":"2019-06-05T22:00:00","date_gmt":"2019-06-05T22:00:00","guid":{"rendered":"http:\/\/surlesmers.fr\/wordpress\/?p=1466"},"modified":"2019-12-07T11:00:57","modified_gmt":"2019-12-07T11:00:57","slug":"les-feux-de-saint-elme","status":"publish","type":"post","link":"http:\/\/surlesmers.fr\/wordpress\/2019\/06\/05\/les-feux-de-saint-elme\/","title":{"rendered":"Les feux de Saint-Elme"},"content":{"rendered":"\n<p>Entre Giglio et Giannutri nous faisons escale \u00e0 <strong>Porto Ercole<\/strong> le 2 juin, jour de la f\u00eate de Saint Erasme, plus connu sous le nom de Saint-Elme, patron des marins ! Le soir la foule envahit les quais, on boit et on mange jusque tard dans la nuit. Des bateaux de p\u00eache, d\u00e9cor\u00e9s pour l&rsquo;occasion, accueillent les passants pendant qu&rsquo;un copieux feu d&rsquo;artifice illumine la rade&#8230; On se couche \u00e0 point d&rsquo;heure ! Et on se l\u00e8ve tout pareil ! <\/p>\n\n\n\n<p>En milieu d&rsquo;apr\u00e8s-midi Coromandel repart en direction de <strong>Giannutri<\/strong>. Plus de Bastis \u00e0 bord, snif&#8230; Et plus de Pastis non plus :\/ Apr\u00e8s un long bord de travers et des pointes \u00e0 9 n\u0153uds, le bateau fait le tour de l&rsquo;\u00eele pour jeter l&rsquo;ancre dans la Cala Spalmatoio. A la tomb\u00e9e du jour nous voyons rentrer un p\u00eacheur qui vient probablement de relever ses casiers. On lui demande s&rsquo;il n&rsquo;a pas quelque poisson \u00e0 vendre : il sort d&rsquo;un bidon un \u00e9norme <em>dentice <\/em>et s&rsquo;en va le peser avant de nous faire un prix&#8230; 70 euros, la b\u00eate fait plus de 3 kilos !<\/p>\n\n\n\n<figure class=\"wp-block-image size-large\"><img loading=\"lazy\" decoding=\"async\" width=\"1024\" height=\"196\" src=\"http:\/\/surlesmers.fr\/wordpress\/wp-content\/uploads\/2019\/06\/P6030333-1024x196.jpg\" alt=\"\" class=\"wp-image-738\" srcset=\"http:\/\/surlesmers.fr\/wordpress\/wp-content\/uploads\/2019\/06\/P6030333-1024x196.jpg 1024w, http:\/\/surlesmers.fr\/wordpress\/wp-content\/uploads\/2019\/06\/P6030333-300x57.jpg 300w, http:\/\/surlesmers.fr\/wordpress\/wp-content\/uploads\/2019\/06\/P6030333-768x147.jpg 768w\" sizes=\"(max-width: 1024px) 100vw, 1024px\" \/><\/figure>\n\n\n\n<div class='mgl-justified-container'><style>\t#mgl-gallery-69f234c26d589 {\t\tdisplay: none;\t\tmargin: -5px;\t}\t#mgl-gallery-69f234c26d589 .mgl-item {\t\tmargin: 5px;\t}<\/style><div id='mgl-gallery-69f234c26d589' class='mgl-gallery mgl-justified' style='--rh: 200px'><figure class=\"mgl-item\" style=\"--w: 3456; --h: 4608\">\r\n\t<div class=\"mgl-icon\">\r\n\t\t<div class=\"mgl-img-container\">\r\n\t\t\t\t\t\t\t<img loading=\"lazy\" decoding=\"async\" width=\"768\" height=\"1024\" src=\"http:\/\/surlesmers.fr\/wordpress\/wp-content\/uploads\/2019\/06\/P6030347-e1574694135242-768x1024.jpg\" class=\"wp-image-740\" alt=\"\" srcset=\"http:\/\/surlesmers.fr\/wordpress\/wp-content\/uploads\/2019\/06\/P6030347-e1574694135242-768x1024.jpg 768w, http:\/\/surlesmers.fr\/wordpress\/wp-content\/uploads\/2019\/06\/P6030347-e1574694135242-225x300.jpg 225w, http:\/\/surlesmers.fr\/wordpress\/wp-content\/uploads\/2019\/06\/P6030347-e1574694135242-1152x1536.jpg 1152w, http:\/\/surlesmers.fr\/wordpress\/wp-content\/uploads\/2019\/06\/P6030347-e1574694135242-1536x2048.jpg 1536w\" sizes=\"(max-width: 800px) 80vw, 50vw\" \/>\t\t\t\t\t<\/div>\r\n\t<\/div>\r\n\t<\/figure>\r\n<figure class=\"mgl-item\" style=\"--w: 1898; --h: 2560\">\r\n\t<div class=\"mgl-icon\">\r\n\t\t<div class=\"mgl-img-container\">\r\n\t\t\t\t\t\t\t<img loading=\"lazy\" decoding=\"async\" width=\"759\" height=\"1024\" src=\"http:\/\/surlesmers.fr\/wordpress\/wp-content\/uploads\/2019\/12\/IMG_20190604_110332_4-759x1024.jpg\" class=\"wp-image-1448\" alt=\"\" srcset=\"http:\/\/surlesmers.fr\/wordpress\/wp-content\/uploads\/2019\/12\/IMG_20190604_110332_4-759x1024.jpg 759w, http:\/\/surlesmers.fr\/wordpress\/wp-content\/uploads\/2019\/12\/IMG_20190604_110332_4-222x300.jpg 222w, http:\/\/surlesmers.fr\/wordpress\/wp-content\/uploads\/2019\/12\/IMG_20190604_110332_4-768x1036.jpg 768w, http:\/\/surlesmers.fr\/wordpress\/wp-content\/uploads\/2019\/12\/IMG_20190604_110332_4-1139x1536.jpg 1139w, http:\/\/surlesmers.fr\/wordpress\/wp-content\/uploads\/2019\/12\/IMG_20190604_110332_4-1518x2048.jpg 1518w, http:\/\/surlesmers.fr\/wordpress\/wp-content\/uploads\/2019\/12\/IMG_20190604_110332_4-scaled.jpg 1898w\" sizes=\"(max-width: 800px) 80vw, 50vw\" \/>\t\t\t\t\t<\/div>\r\n\t<\/div>\r\n\t<\/figure>\r\n<figure class=\"mgl-item\" style=\"--w: 2560; --h: 1898\">\r\n\t<div class=\"mgl-icon\">\r\n\t\t<div class=\"mgl-img-container\">\r\n\t\t\t\t\t\t\t<img loading=\"lazy\" decoding=\"async\" width=\"910\" height=\"675\" src=\"http:\/\/surlesmers.fr\/wordpress\/wp-content\/uploads\/2019\/12\/IMG_20190604_115706_9-1024x759.jpg\" class=\"wp-image-1449\" alt=\"\" srcset=\"http:\/\/surlesmers.fr\/wordpress\/wp-content\/uploads\/2019\/12\/IMG_20190604_115706_9-1024x759.jpg 1024w, http:\/\/surlesmers.fr\/wordpress\/wp-content\/uploads\/2019\/12\/IMG_20190604_115706_9-300x222.jpg 300w, http:\/\/surlesmers.fr\/wordpress\/wp-content\/uploads\/2019\/12\/IMG_20190604_115706_9-768x569.jpg 768w, http:\/\/surlesmers.fr\/wordpress\/wp-content\/uploads\/2019\/12\/IMG_20190604_115706_9-1536x1139.jpg 1536w, http:\/\/surlesmers.fr\/wordpress\/wp-content\/uploads\/2019\/12\/IMG_20190604_115706_9-2048x1518.jpg 2048w\" sizes=\"(max-width: 800px) 80vw, 50vw\" \/>\t\t\t\t\t<\/div>\r\n\t<\/div>\r\n\t<\/figure>\r\n<\/div><\/div>\n\n\n\n<p>Le mardi 4 juin il faut une longue navigation, du d\u00e9but d&rsquo;apr\u00e8s-midi jusqu&rsquo;en fin de nuit, avant d&rsquo;atteindre les abords de <strong>Rome<\/strong>. Vers 4h30 alors que nous tentons de trouver une place \u00e0 la Darsena Traiano dans le canal de Fiumicino, notre sondeur indique 1m50 de profondeur&#8230; On est dans la vase\u00a0! On repart donc vers le sud, longeant la c\u00f4te pendant encore une heure. Le jour commence \u00e0 poindre quand nous amarrons Coromandel \u00e0 l&rsquo;un des nombreux quais de l&rsquo;\u00e9norme Porto di Roma. Nous restons l\u00e0 3 jours, le temps de visiter un peu la cit\u00e9 \u00e9ternelle \u2014 merci Patrizia ! \u2014 et les ruines de l&rsquo;ancienne ville d&rsquo;Ostia. Le temps aussi de changer d&rsquo;\u00e9quipage : Selma et Camilla quittent le bord tandis que Claude, Kaline et Ma\u00eblle nous rejoignent pour la suite de notre parcours des \u00eeles.<\/p>\n","protected":false},"excerpt":{"rendered":"<p>Entre Giglio et Giannutri nous faisons escale \u00e0 Porto Ercole le 2 juin, jour de la f\u00eate de Saint Erasme,<\/p>\n","protected":false},"author":3,"featured_media":1451,"comment_status":"open","ping_status":"open","sticky":false,"template":"","format":"standard","meta":{"footnotes":""},"categories":[1],"tags":[],"_links":{"self":[{"href":"http:\/\/surlesmers.fr\/wordpress\/wp-json\/wp\/v2\/posts\/1466"}],"collection":[{"href":"http:\/\/surlesmers.fr\/wordpress\/wp-json\/wp\/v2\/posts"}],"about":[{"href":"http:\/\/surlesmers.fr\/wordpress\/wp-json\/wp\/v2\/types\/post"}],"author":[{"embeddable":true,"href":"http:\/\/surlesmers.fr\/wordpress\/wp-json\/wp\/v2\/users\/3"}],"replies":[{"embeddable":true,"href":"http:\/\/surlesmers.fr\/wordpress\/wp-json\/wp\/v2\/comments?post=1466"}],"version-history":[{"count":10,"href":"http:\/\/surlesmers.fr\/wordpress\/wp-json\/wp\/v2\/posts\/1466\/revisions"}],"predecessor-version":[{"id":1484,"href":"http:\/\/surlesmers.fr\/wordpress\/wp-json\/wp\/v2\/posts\/1466\/revisions\/1484"}],"wp:featuredmedia":[{"embeddable":true,"href":"http:\/\/surlesmers.fr\/wordpress\/wp-json\/wp\/v2\/media\/1451"}],"wp:attachment":[{"href":"http:\/\/surlesmers.fr\/wordpress\/wp-json\/wp\/v2\/media?parent=1466"}],"wp:term":[{"taxonomy":"category","embeddable":true,"href":"http:\/\/surlesmers.fr\/wordpress\/wp-json\/wp\/v2\/categories?post=1466"},{"taxonomy":"post_tag","embeddable":true,"href":"http:\/\/surlesmers.fr\/wordpress\/wp-json\/wp\/v2\/tags?post=1466"}],"curies":[{"name":"wp","href":"https:\/\/api.w.org\/{rel}","templated":true}]}}