{"id":1198,"date":"2019-06-14T10:00:00","date_gmt":"2019-06-14T10:00:00","guid":{"rendered":"http:\/\/surlesmers.fr\/wordpress\/?p=1198"},"modified":"2019-12-07T11:44:00","modified_gmt":"2019-12-07T11:44:00","slug":"rome-naples-par-les-iles","status":"publish","type":"post","link":"http:\/\/surlesmers.fr\/wordpress\/2019\/06\/14\/rome-naples-par-les-iles\/","title":{"rendered":"Rome-Naples par les \u00eeles"},"content":{"rendered":"\n<p>Notre d\u00e9part de <strong>Rome <\/strong>ce samedi 8 juin restera dans les annales : apr\u00e8s  avoir pass\u00e9 2 heures \u00e0 remplacer des rivets de b\u00f4me, apr\u00e8s s&rsquo;y \u00eatre repris \u00e0 2 fois pour faire le plein d&rsquo;essence, l&rsquo;entr\u00e9e du port se trouve bloqu\u00e9e par un triathlon&#8230; Quand enfin on nous donne le feu vert pour sortir, dans la pr\u00e9cipitation on oublie de d\u00e9brancher la prise de  quai\u00a0! A peine avons nous largu\u00e9 les amarres que la borne \u00e0 laquelle nous \u00e9tions raccord\u00e9s bascule et reste suspendue par ses c\u00e2bles juste au dessus de l&rsquo;eau. Le choc fait se tourner toutes les t\u00eates ! On remet de suite le bateau \u00e0 quai pour aller redresser la pauvre borne. Quand le personnel du port, constatant qu&rsquo;elle est en bon \u00e9tat de marche, nous laisse enfin repartir, il est d\u00e9j\u00e0 18h30&#8230; On navigue donc une bonne partie de la nuit pour rejoindre Nettuno, et de l\u00e0 le lendemain mettre le cap sur <strong>Ponza<\/strong>.<\/p>\n\n\n\n<div class='mgl-masonry-container'><style>\t.mgl-masonry {\t\tdisplay: none;\t}\t#mgl-gallery-69f223ce9b7fc {\t\tcolumn-count: 2;\t\tmargin: -5px;\t}\t#mgl-gallery-69f223ce9b7fc .mgl-item {\t\tpadding: 5px;\t}\t#mgl-gallery-69f223ce9b7fc figcaption {\t\tpadding: 5px;\t}\t@media screen and (max-width: 800px) {\t\t#mgl-gallery-69f223ce9b7fc {\t\t\tcolumn-count: 2;\t\t}\t}\t@media screen and (max-width: 600px) {\t\t#mgl-gallery-69f223ce9b7fc {\t\t\tcolumn-count: 1;\t\t}\t}<\/style><div id='mgl-gallery-69f223ce9b7fc' class='mgl-gallery mgl-masonry' style=''><figure class=\"mgl-item\">\r\n\t<div class=\"mgl-icon\">\r\n\t\t<div class=\"mgl-img-container\">\r\n\t\t\t\t\t\t\t<img loading=\"lazy\" decoding=\"async\" width=\"910\" height=\"683\" src=\"http:\/\/surlesmers.fr\/wordpress\/wp-content\/uploads\/2019\/06\/P6100184-1024x768.jpg\" class=\"wp-image-742\" alt=\"\" srcset=\"http:\/\/surlesmers.fr\/wordpress\/wp-content\/uploads\/2019\/06\/P6100184-1024x768.jpg 1024w, http:\/\/surlesmers.fr\/wordpress\/wp-content\/uploads\/2019\/06\/P6100184-300x225.jpg 300w, http:\/\/surlesmers.fr\/wordpress\/wp-content\/uploads\/2019\/06\/P6100184-768x576.jpg 768w, http:\/\/surlesmers.fr\/wordpress\/wp-content\/uploads\/2019\/06\/P6100184-600x450.jpg 600w\" sizes=\"50vw\" \/>\t\t\t\t\t<\/div>\r\n\t<\/div>\r\n\t\t<figcaption class=\"mgl-caption\">\r\n\t\t\t<p>Baia di Lucia Rosa, Ponza<\/p>\r\n\t<\/figcaption>\r\n\t<\/figure>\r\n<figure class=\"mgl-item\">\r\n\t<div class=\"mgl-icon\">\r\n\t\t<div class=\"mgl-img-container\">\r\n\t\t\t\t\t\t\t<img loading=\"lazy\" decoding=\"async\" width=\"910\" height=\"683\" src=\"http:\/\/surlesmers.fr\/wordpress\/wp-content\/uploads\/2019\/06\/P6100188-1024x768.jpg\" class=\"wp-image-743\" alt=\"\" srcset=\"http:\/\/surlesmers.fr\/wordpress\/wp-content\/uploads\/2019\/06\/P6100188-1024x768.jpg 1024w, http:\/\/surlesmers.fr\/wordpress\/wp-content\/uploads\/2019\/06\/P6100188-300x225.jpg 300w, http:\/\/surlesmers.fr\/wordpress\/wp-content\/uploads\/2019\/06\/P6100188-768x576.jpg 768w, http:\/\/surlesmers.fr\/wordpress\/wp-content\/uploads\/2019\/06\/P6100188-600x450.jpg 600w\" sizes=\"50vw\" \/>\t\t\t\t\t<\/div>\r\n\t<\/div>\r\n\t\t<figcaption class=\"mgl-caption\">\r\n\t\t\t<p>Orgues basaltiques, nord de Palmarola<\/p>\r\n\t<\/figcaption>\r\n\t<\/figure>\r\n<figure class=\"mgl-item\">\r\n\t<div class=\"mgl-icon\">\r\n\t\t<div class=\"mgl-img-container\">\r\n\t\t\t\t\t\t\t<img loading=\"lazy\" decoding=\"async\" width=\"910\" height=\"683\" src=\"http:\/\/surlesmers.fr\/wordpress\/wp-content\/uploads\/2019\/06\/P6100183-1024x768.jpg\" class=\"wp-image-741\" alt=\"\" srcset=\"http:\/\/surlesmers.fr\/wordpress\/wp-content\/uploads\/2019\/06\/P6100183-1024x768.jpg 1024w, http:\/\/surlesmers.fr\/wordpress\/wp-content\/uploads\/2019\/06\/P6100183-300x225.jpg 300w, http:\/\/surlesmers.fr\/wordpress\/wp-content\/uploads\/2019\/06\/P6100183-768x576.jpg 768w, http:\/\/surlesmers.fr\/wordpress\/wp-content\/uploads\/2019\/06\/P6100183-600x450.jpg 600w\" sizes=\"50vw\" \/>\t\t\t\t\t<\/div>\r\n\t<\/div>\r\n\t\t<figcaption class=\"mgl-caption\">\r\n\t\t\t<p>Roches volcaniques \u00e0 Ponza<\/p>\r\n\t<\/figcaption>\r\n\t<\/figure>\r\n<figure class=\"mgl-item\">\r\n\t<div class=\"mgl-icon\">\r\n\t\t<div class=\"mgl-img-container\">\r\n\t\t\t\t\t\t\t<img loading=\"lazy\" decoding=\"async\" width=\"910\" height=\"683\" src=\"http:\/\/surlesmers.fr\/wordpress\/wp-content\/uploads\/2019\/06\/P6100191-1024x768.jpg\" class=\"wp-image-744\" alt=\"\" srcset=\"http:\/\/surlesmers.fr\/wordpress\/wp-content\/uploads\/2019\/06\/P6100191-1024x768.jpg 1024w, http:\/\/surlesmers.fr\/wordpress\/wp-content\/uploads\/2019\/06\/P6100191-300x225.jpg 300w, http:\/\/surlesmers.fr\/wordpress\/wp-content\/uploads\/2019\/06\/P6100191-768x576.jpg 768w, http:\/\/surlesmers.fr\/wordpress\/wp-content\/uploads\/2019\/06\/P6100191-600x450.jpg 600w\" sizes=\"50vw\" \/>\t\t\t\t\t<\/div>\r\n\t<\/div>\r\n\t\t<figcaption class=\"mgl-caption\">\r\n\t\t\t<p>Ch\u00e8vres-alpinistes de la Cala del Porto<\/p>\r\n\t<\/figcaption>\r\n\t<\/figure>\r\n<\/div><\/div>\n\n\n\n<p>Nous arrivons \u00e0 Ponza en pleine f\u00eate de Pentec\u00f4te, feu d&rsquo;artifice et cort\u00e8ge processionnaire. Un gars nous conduit jusqu&rsquo;\u00e0 un ponton o\u00f9 il nous amarre, on le questionne sur le tarif mais il ne veut pas r\u00e9pondre&#8230; On se renseigne : c&rsquo;est 168 euros la nuit ! A ce prix l\u00e0 non merci, on pr\u00e9f\u00e8re jeter l&rsquo;ancre dans la rade. Le lundi matin promenade en ville avant de contourner l&rsquo;\u00eele par le nord jusqu&rsquo;\u00e0 la superbe plage de Lucia Rosa o\u00f9 nous mouillons le temps d&rsquo;une baignade. Vers 17h on met les voiles, direction <strong>Palmarola <\/strong>; nous jetons l&rsquo;ancre 2h plus tard, \u00e0 la Cala del Porto. Sous le soleil couchant des ch\u00e8vres descendent des sommets sur des falaises si abruptes qu&rsquo;on s&rsquo;attend \u00e0 les voir d\u00e9gringoler&#8230; Mais elles font leur chemin au milieu des rochers, h\u00e9sitant \u00e7a et l\u00e0 sans pour autant renoncer, et finissent par arriver en bas comme au sortir d&rsquo;une petite balade tranquille : nous sommes impressionn\u00e9s\u00a0!<\/p>\n\n\n\n<p>Mardi 5h du mat&rsquo; \u00e7a roule fort au mouillage, on l\u00e8ve l&rsquo;ancre. Cap sur la Punta della Guardia au sud de Ponza, au pied de laquelle nous p\u00eachons un petit poisson. Peu de vent, le moteur nous aide beaucoup, il nous faut encore une grosse matin\u00e9e pour arriver au Porto Nuovo de <strong>Ventotene<\/strong>.<\/p>\n\n\n\n<figure class=\"wp-block-image size-large\"><img loading=\"lazy\" decoding=\"async\" width=\"1024\" height=\"125\" src=\"http:\/\/surlesmers.fr\/wordpress\/wp-content\/uploads\/2019\/06\/P6120001-1024x125.jpg\" alt=\"\" class=\"wp-image-746\" srcset=\"http:\/\/surlesmers.fr\/wordpress\/wp-content\/uploads\/2019\/06\/P6120001-1024x125.jpg 1024w, http:\/\/surlesmers.fr\/wordpress\/wp-content\/uploads\/2019\/06\/P6120001-300x37.jpg 300w, http:\/\/surlesmers.fr\/wordpress\/wp-content\/uploads\/2019\/06\/P6120001-768x94.jpg 768w\" sizes=\"(max-width: 1024px) 100vw, 1024px\" \/><\/figure>\n\n\n\n<p>A Ventotene nous sommes invit\u00e9s par le personnel du <a rel=\"noreferrer noopener\" aria-label=\" (s\u2019ouvre dans un nouvel onglet)\" href=\"https:\/\/www.facebook.com\/cvventotene\/\" target=\"_blank\">Circolo Velico<\/a> qui pousse l&rsquo;hospitalit\u00e9 jusqu&rsquo;\u00e0 venir nous chercher au port en voiture pour nous conduire par l&rsquo;unique route de l&rsquo;\u00eele jusqu&rsquo;\u00e0 leur maison sur les hauteurs. Leur cuisini\u00e8re nous a pr\u00e9par\u00e9 un d\u00e9licieux repas avec pizza maison, soupe et poissons grill\u00e9s&#8230; Une tr\u00e8s belle soir\u00e9e, un grand merci \u00e0 toute l&rsquo;\u00e9quipe !<\/p>\n\n\n\n<p>Notre route des \u00eeles passe encore par la tr\u00e8s touristique Ischia et sa voisine Procida, beaucoup plus tranquille mais tout aussi photog\u00e9nique, avant de regagner le continent. La rade au nord du cap Mis\u00e8ne nous offre un abri s\u00fbr pour une premi\u00e8re escale dans le golfe de <strong>Naples<\/strong>. Ce bassin faisait autrefois partie d&rsquo;un vaste complexe portuaire qui abritait la flotte romaine en mer tyrrh\u00e9nienne, construit par Octave et nomm\u00e9 Portus Julius en m\u00e9moire de l&rsquo;homme le plus c\u00e9l\u00e8bre de toute l&rsquo;histoire de la Rome antique\u00a0!<\/p>\n\n\n\n<figure class=\"wp-block-image size-large\"><img loading=\"lazy\" decoding=\"async\" width=\"1024\" height=\"322\" src=\"http:\/\/surlesmers.fr\/wordpress\/wp-content\/uploads\/2019\/06\/P6130017-1024x322.jpg\" alt=\"\" class=\"wp-image-749\" srcset=\"http:\/\/surlesmers.fr\/wordpress\/wp-content\/uploads\/2019\/06\/P6130017-1024x322.jpg 1024w, http:\/\/surlesmers.fr\/wordpress\/wp-content\/uploads\/2019\/06\/P6130017-300x94.jpg 300w, http:\/\/surlesmers.fr\/wordpress\/wp-content\/uploads\/2019\/06\/P6130017-768x242.jpg 768w\" sizes=\"(max-width: 1024px) 100vw, 1024px\" \/><figcaption>Procida, derni\u00e8re \u00eele avant le golfe de Naples<\/figcaption><\/figure>\n","protected":false},"excerpt":{"rendered":"<p>Notre d\u00e9part de Rome ce samedi 8 juin restera dans les annales : apr\u00e8s avoir pass\u00e9 2 heures \u00e0 remplacer<\/p>\n","protected":false},"author":3,"featured_media":747,"comment_status":"open","ping_status":"open","sticky":false,"template":"","format":"standard","meta":{"footnotes":""},"categories":[1],"tags":[],"_links":{"self":[{"href":"http:\/\/surlesmers.fr\/wordpress\/wp-json\/wp\/v2\/posts\/1198"}],"collection":[{"href":"http:\/\/surlesmers.fr\/wordpress\/wp-json\/wp\/v2\/posts"}],"about":[{"href":"http:\/\/surlesmers.fr\/wordpress\/wp-json\/wp\/v2\/types\/post"}],"author":[{"embeddable":true,"href":"http:\/\/surlesmers.fr\/wordpress\/wp-json\/wp\/v2\/users\/3"}],"replies":[{"embeddable":true,"href":"http:\/\/surlesmers.fr\/wordpress\/wp-json\/wp\/v2\/comments?post=1198"}],"version-history":[{"count":23,"href":"http:\/\/surlesmers.fr\/wordpress\/wp-json\/wp\/v2\/posts\/1198\/revisions"}],"predecessor-version":[{"id":1488,"href":"http:\/\/surlesmers.fr\/wordpress\/wp-json\/wp\/v2\/posts\/1198\/revisions\/1488"}],"wp:featuredmedia":[{"embeddable":true,"href":"http:\/\/surlesmers.fr\/wordpress\/wp-json\/wp\/v2\/media\/747"}],"wp:attachment":[{"href":"http:\/\/surlesmers.fr\/wordpress\/wp-json\/wp\/v2\/media?parent=1198"}],"wp:term":[{"taxonomy":"category","embeddable":true,"href":"http:\/\/surlesmers.fr\/wordpress\/wp-json\/wp\/v2\/categories?post=1198"},{"taxonomy":"post_tag","embeddable":true,"href":"http:\/\/surlesmers.fr\/wordpress\/wp-json\/wp\/v2\/tags?post=1198"}],"curies":[{"name":"wp","href":"https:\/\/api.w.org\/{rel}","templated":true}]}}