{"id":107,"date":"2018-09-14T17:37:23","date_gmt":"2018-09-14T17:37:23","guid":{"rendered":"http:\/\/surlesmers.fr\/wordpress\/?p=107"},"modified":"2019-12-04T12:19:48","modified_gmt":"2019-12-04T12:19:48","slug":"photos-de-coromandel-en-mer","status":"publish","type":"post","link":"http:\/\/surlesmers.fr\/wordpress\/2018\/09\/14\/photos-de-coromandel-en-mer\/","title":{"rendered":"Trinquette et mitraillette"},"content":{"rendered":"\n<p>Aujourd&rsquo;hui 14 septembre peu de vent et grand soleil, mer belle, l&rsquo;occasion parfaite pour aller faire des photos de Coromandel en mer, prises depuis l&rsquo;annexe !<\/p>\n\n\n\n<p>Et pour que le bateau n&rsquo;aille pas trop vite, on hisse la trinquette, notre petite voile d&rsquo;avant qui sort tout juste de la voilerie o\u00f9 on lui a remis des galons de chute et de bordure dans un beau tissu gris tout neuf \ud83d\ude42<\/p>\n\n\n\n<div class='mgl-masonry-container'><style>\t.mgl-masonry {\t\tdisplay: none;\t}\t#mgl-gallery-69f4787a29bd1 {\t\tcolumn-count: 2;\t\tmargin: -5px;\t}\t#mgl-gallery-69f4787a29bd1 .mgl-item {\t\tpadding: 5px;\t}\t#mgl-gallery-69f4787a29bd1 figcaption {\t\tpadding: 5px;\t}\t@media screen and (max-width: 800px) {\t\t#mgl-gallery-69f4787a29bd1 {\t\t\tcolumn-count: 2;\t\t}\t}\t@media screen and (max-width: 600px) {\t\t#mgl-gallery-69f4787a29bd1 {\t\t\tcolumn-count: 1;\t\t}\t}<\/style><div id='mgl-gallery-69f4787a29bd1' class='mgl-gallery mgl-masonry' style=''><figure class=\"mgl-item\">\r\n\t<div class=\"mgl-icon\">\r\n\t\t<div class=\"mgl-img-container\">\r\n\t\t\t\t\t\t\t<img loading=\"lazy\" decoding=\"async\" width=\"847\" height=\"1024\" src=\"http:\/\/surlesmers.fr\/wordpress\/wp-content\/uploads\/2018\/09\/P9140393-bis-847x1024.jpg\" class=\"wp-image-106\" alt=\"\" srcset=\"http:\/\/surlesmers.fr\/wordpress\/wp-content\/uploads\/2018\/09\/P9140393-bis-847x1024.jpg 847w, http:\/\/surlesmers.fr\/wordpress\/wp-content\/uploads\/2018\/09\/P9140393-bis-248x300.jpg 248w, http:\/\/surlesmers.fr\/wordpress\/wp-content\/uploads\/2018\/09\/P9140393-bis-768x929.jpg 768w, http:\/\/surlesmers.fr\/wordpress\/wp-content\/uploads\/2018\/09\/P9140393-bis.jpg 893w\" sizes=\"50vw\" \/>\t\t\t\t\t<\/div>\r\n\t<\/div>\r\n\t<\/figure>\r\n<figure class=\"mgl-item\">\r\n\t<div class=\"mgl-icon\">\r\n\t\t<div class=\"mgl-img-container\">\r\n\t\t\t\t\t\t\t<img loading=\"lazy\" decoding=\"async\" width=\"847\" height=\"1024\" src=\"http:\/\/surlesmers.fr\/wordpress\/wp-content\/uploads\/2018\/09\/P9140385-bis-e1575461967579-847x1024.jpg\" class=\"wp-image-104\" alt=\"\" srcset=\"http:\/\/surlesmers.fr\/wordpress\/wp-content\/uploads\/2018\/09\/P9140385-bis-e1575461967579-847x1024.jpg 847w, http:\/\/surlesmers.fr\/wordpress\/wp-content\/uploads\/2018\/09\/P9140385-bis-e1575461967579-248x300.jpg 248w, http:\/\/surlesmers.fr\/wordpress\/wp-content\/uploads\/2018\/09\/P9140385-bis-e1575461967579-768x929.jpg 768w, http:\/\/surlesmers.fr\/wordpress\/wp-content\/uploads\/2018\/09\/P9140385-bis-e1575461967579.jpg 893w\" sizes=\"50vw\" \/>\t\t\t\t\t<\/div>\r\n\t<\/div>\r\n\t<\/figure>\r\n<\/div><\/div>\n\n\n\n<p>Merci \u00e0 Jean-Michel et Giusi qui font parader le bateau \u00e0 toutes les allures de vent, autour de l&rsquo;annexe, pendant que je prends les photos !<\/p>\n\n\n\n<p>Avant de retourner au port nous essayons de p\u00eacher \u00e0 la mitraillette, sans aucune arme homonyme mais avec les lignes pr\u00eat\u00e9es par notre voisin de ponton de Binic. Non seulement nous ne ramenons aucun poisson, mais en plus cette tentative de p\u00eache nous vaut d&rsquo;arriver trop tard au port&#8230; On nous ferme la porte au nez et nous n&rsquo;avons plus d&rsquo;autre choix que d&rsquo;aller passer la nuit \u00e0 Saint-Quay-Portrieux !<\/p>\n","protected":false},"excerpt":{"rendered":"<p>Aujourd&rsquo;hui 14 septembre peu de vent et grand soleil, mer belle, l&rsquo;occasion parfaite pour aller faire des photos de Coromandel<\/p>\n","protected":false},"author":3,"featured_media":109,"comment_status":"open","ping_status":"open","sticky":false,"template":"","format":"standard","meta":{"footnotes":""},"categories":[1],"tags":[],"_links":{"self":[{"href":"http:\/\/surlesmers.fr\/wordpress\/wp-json\/wp\/v2\/posts\/107"}],"collection":[{"href":"http:\/\/surlesmers.fr\/wordpress\/wp-json\/wp\/v2\/posts"}],"about":[{"href":"http:\/\/surlesmers.fr\/wordpress\/wp-json\/wp\/v2\/types\/post"}],"author":[{"embeddable":true,"href":"http:\/\/surlesmers.fr\/wordpress\/wp-json\/wp\/v2\/users\/3"}],"replies":[{"embeddable":true,"href":"http:\/\/surlesmers.fr\/wordpress\/wp-json\/wp\/v2\/comments?post=107"}],"version-history":[{"count":16,"href":"http:\/\/surlesmers.fr\/wordpress\/wp-json\/wp\/v2\/posts\/107\/revisions"}],"predecessor-version":[{"id":1439,"href":"http:\/\/surlesmers.fr\/wordpress\/wp-json\/wp\/v2\/posts\/107\/revisions\/1439"}],"wp:featuredmedia":[{"embeddable":true,"href":"http:\/\/surlesmers.fr\/wordpress\/wp-json\/wp\/v2\/media\/109"}],"wp:attachment":[{"href":"http:\/\/surlesmers.fr\/wordpress\/wp-json\/wp\/v2\/media?parent=107"}],"wp:term":[{"taxonomy":"category","embeddable":true,"href":"http:\/\/surlesmers.fr\/wordpress\/wp-json\/wp\/v2\/categories?post=107"},{"taxonomy":"post_tag","embeddable":true,"href":"http:\/\/surlesmers.fr\/wordpress\/wp-json\/wp\/v2\/tags?post=107"}],"curies":[{"name":"wp","href":"https:\/\/api.w.org\/{rel}","templated":true}]}}